{"id":59269,"date":"2022-08-25T09:09:58","date_gmt":"2022-08-25T07:09:58","guid":{"rendered":"https:\/\/www.ceran.com\/?p=59269"},"modified":"2022-08-26T09:06:11","modified_gmt":"2022-08-26T07:06:11","slug":"ceranlife-sinspirer-de-lhistoire-de-renaud-pour-reussir-votre-sejour-immersion-en-anglais","status":"publish","type":"post","link":"https:\/\/www.ceran.com\/fr\/ceranlife-sinspirer-de-lhistoire-de-renaud-pour-reussir-votre-sejour-immersion-en-anglais\/","title":{"rendered":"#ceranlife &#8211; S&rsquo;inspirer de l&rsquo;histoire de Renaud pour r\u00e9ussir votre s\u00e9jour immersion en anglais"},"content":{"rendered":"\t\t<div data-elementor-type=\"wp-post\" data-elementor-id=\"59269\" class=\"elementor elementor-59269\" data-elementor-post-type=\"post\">\n\t\t\t\t\t\t<section class=\"elementor-section elementor-top-section elementor-element elementor-element-314794f elementor-section-content-middle elementor-section-height-min-height elementor-section-boxed elementor-section-height-default elementor-section-items-middle\" data-id=\"314794f\" data-element_type=\"section\" data-e-type=\"section\" data-settings=\"{&quot;background_background&quot;:&quot;classic&quot;}\">\n\t\t\t\t\t\t\t<div class=\"elementor-background-overlay\"><\/div>\n\t\t\t\t\t\t\t<div class=\"elementor-container elementor-column-gap-no\">\n\t\t\t\t\t<div class=\"elementor-column elementor-col-100 elementor-top-column elementor-element elementor-element-5b58c295\" data-id=\"5b58c295\" data-element_type=\"column\" data-e-type=\"column\">\n\t\t\t<div class=\"elementor-widget-wrap elementor-element-populated\">\n\t\t\t\t\t\t<div class=\"elementor-element elementor-element-1ecd682 elementor-widget elementor-widget-spacer\" data-id=\"1ecd682\" data-element_type=\"widget\" data-e-type=\"widget\" data-widget_type=\"spacer.default\">\n\t\t\t\t<div class=\"elementor-widget-container\">\n\t\t\t\t\t\t\t<div class=\"elementor-spacer\">\n\t\t\t<div class=\"elementor-spacer-inner\"><\/div>\n\t\t<\/div>\n\t\t\t\t\t\t<\/div>\n\t\t\t\t<\/div>\n\t\t\t\t<div class=\"elementor-element elementor-element-e38b6de elementor-widget elementor-widget-text-editor\" data-id=\"e38b6de\" data-element_type=\"widget\" data-e-type=\"widget\" data-widget_type=\"text-editor.default\">\n\t\t\t\t<div class=\"elementor-widget-container\">\n\t\t\t\t\t\t\t\t\t<h1>#ceranlife &#8211; <strong>S&rsquo;inspirer de l&rsquo;histoire de Renaud pour r\u00e9ussir votre s\u00e9jour immersion en anglais<\/strong>\u200b<\/h1>\t\t\t\t\t\t\t\t<\/div>\n\t\t\t\t<\/div>\n\t\t\t\t\t<\/div>\n\t\t<\/div>\n\t\t\t\t\t<\/div>\n\t\t<\/section>\n\t\t\t\t<section class=\"elementor-section elementor-top-section elementor-element elementor-element-8c07446 elementor-section-boxed elementor-section-height-default elementor-section-height-default\" data-id=\"8c07446\" data-element_type=\"section\" data-e-type=\"section\">\n\t\t\t\t\t\t<div class=\"elementor-container elementor-column-gap-default\">\n\t\t\t\t\t<div class=\"elementor-column elementor-col-100 elementor-top-column elementor-element elementor-element-49379a7\" data-id=\"49379a7\" data-element_type=\"column\" data-e-type=\"column\">\n\t\t\t<div class=\"elementor-widget-wrap elementor-element-populated\">\n\t\t\t\t\t\t<div class=\"elementor-element elementor-element-fe39db2 elementor-widget elementor-widget-text-editor\" data-id=\"fe39db2\" data-element_type=\"widget\" data-e-type=\"widget\" data-widget_type=\"text-editor.default\">\n\t\t\t\t<div class=\"elementor-widget-container\">\n\t\t\t\t\t\t\t\t\t<p><strong>Vous aspirez \u00e0 un s\u00e9jour immersion en anglais pour perfectionner votre ma\u00eetrise de la langue de Shakespeare ?&nbsp;<\/strong><strong style=\"color: var( --e-global-color-text ); font-family: var( --e-global-typography-text-font-family ), Sans-serif; font-size: var( --e-global-typography-text-font-size ); background-color: var(--bs-body-bg);\">N\u00e9anmoins, avant de r\u00e9fl\u00e9chir \u00e0 la meilleure option envisager, il est int\u00e9ressant de s&rsquo;inspirer du retour d&rsquo;exp\u00e9rience de ceux qui ont d\u00e9j\u00e0 fait l&rsquo;exp\u00e9rience de l&rsquo;immersion en anglais. Aujourd&rsquo;hui, focus sur le retour d&rsquo;exp\u00e9rience de Renaud, manager en marketing, apr\u00e8s son s\u00e9jour en immersion \u00e0 l&rsquo;\u00e9cole de langue CERAN.&nbsp;<\/strong><strong style=\"color: var( --e-global-color-text ); font-family: var( --e-global-typography-text-font-family ), Sans-serif; font-size: var( --e-global-typography-text-font-size ); background-color: var(--bs-body-bg);\">Au menu : cours de langues, activit\u00e9s sportives, immersion linguistique&#8230; Et bien plus encore !<\/strong><\/p>\t\t\t\t\t\t\t\t<\/div>\n\t\t\t\t<\/div>\n\t\t\t\t<div class=\"elementor-element elementor-element-df49b40 elementor-widget elementor-widget-heading\" data-id=\"df49b40\" data-element_type=\"widget\" data-e-type=\"widget\" data-widget_type=\"heading.default\">\n\t\t\t\t<div class=\"elementor-widget-container\">\n\t\t\t\t\t<h2 class=\"elementor-heading-title elementor-size-default\">Jour 1: L\u2019exp\u00e9rience s\u00e9jour immersion en anglais de Renaud<\/h2>\t\t\t\t<\/div>\n\t\t\t\t<\/div>\n\t\t\t\t<div class=\"elementor-element elementor-element-3456542 elementor-widget elementor-widget-text-editor\" data-id=\"3456542\" data-element_type=\"widget\" data-e-type=\"widget\" data-widget_type=\"text-editor.default\">\n\t\t\t\t<div class=\"elementor-widget-container\">\n\t\t\t\t\t\t\t\t\t<p>Bon, et bien voil\u00e0, c&rsquo;est mon premier jour au CERAN pour apprendre l&rsquo;anglais. Et j&rsquo;ai d\u00e9cid\u00e9 de faire cette immersion linguistique pour progresser en anglais. Je viens donc au fameux CERAN connu pour proposer <strong>des s\u00e9jours linguistiques d\u2019excellence<\/strong> pour adultes, enfants et adolescents en Belgique, en France et en Suisse.<\/p><p>Je viens d&rsquo;arriver dans ma chambre.<\/p><p>Et je dois dire que je suis agr\u00e9ablement surpris par ce que je vois. Je pense que l&rsquo;on est dans un trois \u00e9toiles plus. Franchement, on est bien accueilli. Honn\u00eatement, ce n\u2019est vraiment pas mal.<\/p><p>Je d\u00e9couvre les lieux en m\u00eame temps que vous. Je d\u00e9couvre l&rsquo;espace salle de bains, WC&#8230; rien \u00e0 dire, j\u2019ai l\u2019impression d&rsquo;\u00eatre \u00e0 Majorque avec le soleil en moins (rire). Et bien s\u00fbr, avec les vacances en moins. Plut\u00f4t sympathique, donc comme premi\u00e8re impression du CERAN.<\/p>\t\t\t\t\t\t\t\t<\/div>\n\t\t\t\t<\/div>\n\t\t\t\t<div class=\"elementor-element elementor-element-80ad20c elementor-widget elementor-widget-video\" data-id=\"80ad20c\" data-element_type=\"widget\" data-e-type=\"widget\" data-settings=\"{&quot;youtube_url&quot;:&quot;https:\\\/\\\/youtu.be\\\/N2Msit3prIM&quot;,&quot;video_type&quot;:&quot;youtube&quot;,&quot;controls&quot;:&quot;yes&quot;}\" data-widget_type=\"video.default\">\n\t\t\t\t<div class=\"elementor-widget-container\">\n\t\t\t\t\t\t\t<div class=\"elementor-wrapper elementor-open-inline\">\n\t\t\t<div class=\"elementor-video\"><\/div>\t\t<\/div>\n\t\t\t\t\t\t<\/div>\n\t\t\t\t<\/div>\n\t\t\t\t<div class=\"elementor-element elementor-element-03c4809 elementor-widget elementor-widget-heading\" data-id=\"03c4809\" data-element_type=\"widget\" data-e-type=\"widget\" data-widget_type=\"heading.default\">\n\t\t\t\t<div class=\"elementor-widget-container\">\n\t\t\t\t\t<h3 class=\"elementor-heading-title elementor-size-default\">L'avis de Renaud \u00e0 propos de l\u2019infrastructure du CERAN<\/h3>\t\t\t\t<\/div>\n\t\t\t\t<\/div>\n\t\t\t\t<div class=\"elementor-element elementor-element-4a41986 elementor-widget elementor-widget-text-editor\" data-id=\"4a41986\" data-element_type=\"widget\" data-e-type=\"widget\" data-widget_type=\"text-editor.default\">\n\t\t\t\t<div class=\"elementor-widget-container\">\n\t\t\t\t\t\t\t\t\t<p>Voil\u00e0, l\u00e0 je suis en train de visiter les alentours, en toute l&rsquo;infrastructure du CERAN. Et je dois dire que <b>je suis assez impressionn\u00e9 par ses infrastructures<\/b><b>.<\/b> J&rsquo;ai l&rsquo;impression d&rsquo;arriver dans un coll\u00e8ge un peu hupp\u00e9, style Oxford. C\u2019est assez impressionnant.<\/p><p>Et il y a une chose qu&rsquo;il faut savoir quand on arrive ici \u00e0 Spa, le domaine dans lequel on est ici est au milieu de nulle part, en plein milieu de la for\u00eat.<\/p><p>Vous voyez d&rsquo;ailleurs ici, tout est arbor\u00e9. On voit \u00e0 l&rsquo;arri\u00e8re, la for\u00eat spadoise. Et si j&rsquo;ose une comparaison un peu marrante, c&rsquo;est que l&rsquo;on a l&rsquo;impression de venir \u00e0 Koh Lanta sur une \u00eele d\u00e9serte. Donc l\u00e0, c&rsquo;est un peu mon Koh Lanta linguistique.<\/p><p>Et j&rsquo;esp\u00e8re que, contrairement \u00e0 Koh Lanta, \u00e0 la fin, il en restera un peu plus d&rsquo;un (rire). Et s&rsquo;il devait n&rsquo;en rester qu&rsquo;un, j&rsquo;esp\u00e8re que ce sera moi (rire). En tout cas, le lieu est superbe, et mon immersion commence pour moi vraiment maintenant.<\/p><p>Le cadre de cette immersion est magnifique, et elle porte vraiment bien son nom. On dirait un petit Oxford, plut\u00f4t pas mal !<\/p>\t\t\t\t\t\t\t\t<\/div>\n\t\t\t\t<\/div>\n\t\t\t\t<div class=\"elementor-element elementor-element-158f1f2 elementor-widget elementor-widget-image\" data-id=\"158f1f2\" data-element_type=\"widget\" data-e-type=\"widget\" data-widget_type=\"image.default\">\n\t\t\t\t<div class=\"elementor-widget-container\">\n\t\t\t\t\t\t\t\t\t\t\t\t\t\t\t<img fetchpriority=\"high\" decoding=\"async\" width=\"1000\" height=\"667\" src=\"https:\/\/www.ceran.com\/wp-content\/uploads\/2022\/08\/2I0A3676_SPA-web.jpg\" class=\"attachment-full size-full wp-image-59285\" alt=\"Infrastucture Spa\" srcset=\"https:\/\/www.ceran.com\/wp-content\/uploads\/2022\/08\/2I0A3676_SPA-web.jpg 1000w, https:\/\/www.ceran.com\/wp-content\/uploads\/2022\/08\/2I0A3676_SPA-web-300x200.jpg 300w, https:\/\/www.ceran.com\/wp-content\/uploads\/2022\/08\/2I0A3676_SPA-web-768x512.jpg 768w\" sizes=\"(max-width: 1000px) 100vw, 1000px\" \/>\t\t\t\t\t\t\t\t\t\t\t\t\t\t\t<\/div>\n\t\t\t\t<\/div>\n\t\t\t\t<div class=\"elementor-element elementor-element-958993b elementor-widget elementor-widget-heading\" data-id=\"958993b\" data-element_type=\"widget\" data-e-type=\"widget\" data-widget_type=\"heading.default\">\n\t\t\t\t<div class=\"elementor-widget-container\">\n\t\t\t\t\t<h3 class=\"elementor-heading-title elementor-size-default\">Pourquoi Renaud veut-il apprendre l\u2019anglais en immersion ?<\/h3>\t\t\t\t<\/div>\n\t\t\t\t<\/div>\n\t\t\t\t<div class=\"elementor-element elementor-element-7744f15 elementor-widget elementor-widget-text-editor\" data-id=\"7744f15\" data-element_type=\"widget\" data-e-type=\"widget\" data-widget_type=\"text-editor.default\">\n\t\t\t\t<div class=\"elementor-widget-container\">\n\t\t\t\t\t\t\t\t\t<p>L\u00e0, si je devais un petit peu partager mon \u00e9tat d&rsquo;esprit vis-\u00e0-vis de mon immersion de 4 jours en langue anglaise au CERAN.<\/p><p>Je suis d&rsquo;habitude quelqu&rsquo;un d&rsquo;assez cool et assez calme. Et bien l\u00e0 je me sens un peu stress\u00e9, car il faut dire que <b>je suis en immersion 24h sur 24 <\/b>pendant 4 jours. Donc, ici on parle anglais, en fait des activit\u00e9s en anglais en petits groupes avec les animateurs.<\/p><p>On d\u00eene avec les autres en anglais. J&rsquo;esp\u00e8re que mon cerveau ne va pas devenir English&#8230;je ne suis pas dans ma langue maternelle, \u00e7a me fait un peu peur (rire).<\/p><p>L\u00e0 je suis un peu <strong>impatient, excit\u00e9, enthousiaste<\/strong>, et un peu stress\u00e9. Car il n&rsquo;y a pas de filet en immersion. Je ne suis pas d&rsquo;un niveau d&rsquo;anglais Olympique. Je ne suis pas le Mickael Phelps de l&rsquo;anglais. J&rsquo;ai un niveau d&rsquo;anglais B1. Niveau de langue interm\u00e9diaire.<\/p><p>En cons\u00e9quence, je ne coule pas dans les langues mais je ne suis pas le Mickael Phelps de la langue de Shakespeare. Donc ce soir, je vais d\u00e9couvrir les autres \u00e9l\u00e8ves du groupe et on va commencer \u00e0 parler \u00ab\u00a0in English\u00a0\u00bb dans ce cours d\u2019immersion.<\/p><p>Donc l\u00e0, j&rsquo;en profite pour faire ma petite confession intime \u00e0 la cam\u00e9ra. Bon, on va voir ce que cela va donner.<\/p>\t\t\t\t\t\t\t\t<\/div>\n\t\t\t\t<\/div>\n\t\t\t\t<div class=\"elementor-element elementor-element-1d2ed3f elementor-widget elementor-widget-heading\" data-id=\"1d2ed3f\" data-element_type=\"widget\" data-e-type=\"widget\" data-widget_type=\"heading.default\">\n\t\t\t\t<div class=\"elementor-widget-container\">\n\t\t\t\t\t<h2 class=\"elementor-heading-title elementor-size-default\">Jour 2: L\u2019exp\u00e9rience immersion linguistique de Renaud<\/h2>\t\t\t\t<\/div>\n\t\t\t\t<\/div>\n\t\t\t\t<div class=\"elementor-element elementor-element-9c1effe elementor-widget elementor-widget-text-editor\" data-id=\"9c1effe\" data-element_type=\"widget\" data-e-type=\"widget\" data-widget_type=\"text-editor.default\">\n\t\t\t\t<div class=\"elementor-widget-container\">\n\t\t\t\t\t\t\t\t\t<p>Voil\u00e0 ma deuxi\u00e8me journ\u00e9e ici au CERAN. Je suis lev\u00e9 aux Aurores. Il est 6h33 et j&rsquo;ai d\u00e9cid\u00e9 de me rendre \u00e0 la salle de fitness du CERAN pour bien commencer ma journ\u00e9e d&rsquo;immersion en langue anglaise. Et j&rsquo;en profite pour faire la visite des lieux de cette belle salle de fitness.<\/p><p>Je vais faire quelques exercices de yoga et de mise en condition. <strong>Je profite du calme de la campagne de Spa<\/strong> pour m&rsquo;\u00e9chauffer le corps et l&rsquo;esprit avant cette journ\u00e9e d\u2019\u00e9changes linguistiques en anglais.<\/p><p>Je fais le tour des lieux. Magnifique salle de fitness et de Spa. Je me suis vraiment lev\u00e9 t\u00f4t pour profiter de moment de qui\u00e9tude. Et je dois dire que, avant de commencer une journ\u00e9e d&rsquo;immersion, c&rsquo;est assez sympa de pouvoir s&rsquo;isoler et profiter de sauna et de ce spa.<\/p>\t\t\t\t\t\t\t\t<\/div>\n\t\t\t\t<\/div>\n\t\t\t\t<div class=\"elementor-element elementor-element-df7c58e elementor-widget elementor-widget-image\" data-id=\"df7c58e\" data-element_type=\"widget\" data-e-type=\"widget\" data-widget_type=\"image.default\">\n\t\t\t\t<div class=\"elementor-widget-container\">\n\t\t\t\t\t\t\t\t\t\t\t\t\t\t\t<img decoding=\"async\" width=\"1000\" height=\"667\" src=\"https:\/\/www.ceran.com\/wp-content\/uploads\/2022\/08\/2I0A3634_SPA-web.jpg\" class=\"attachment-full size-full wp-image-59289\" alt=\"Salle de Fitness CERAN\" srcset=\"https:\/\/www.ceran.com\/wp-content\/uploads\/2022\/08\/2I0A3634_SPA-web.jpg 1000w, https:\/\/www.ceran.com\/wp-content\/uploads\/2022\/08\/2I0A3634_SPA-web-300x200.jpg 300w, https:\/\/www.ceran.com\/wp-content\/uploads\/2022\/08\/2I0A3634_SPA-web-768x512.jpg 768w\" sizes=\"(max-width: 1000px) 100vw, 1000px\" \/>\t\t\t\t\t\t\t\t\t\t\t\t\t\t\t<\/div>\n\t\t\t\t<\/div>\n\t\t\t\t\t<\/div>\n\t\t<\/div>\n\t\t\t\t\t<\/div>\n\t\t<\/section>\n\t\t\t\t<section class=\"elementor-section elementor-top-section elementor-element elementor-element-23ce1b2 elementor-section-boxed elementor-section-height-default elementor-section-height-default\" data-id=\"23ce1b2\" data-element_type=\"section\" data-e-type=\"section\">\n\t\t\t\t\t\t<div class=\"elementor-container elementor-column-gap-default\">\n\t\t\t\t\t<div class=\"elementor-column elementor-col-50 elementor-top-column elementor-element elementor-element-b9060f9\" data-id=\"b9060f9\" data-element_type=\"column\" data-e-type=\"column\">\n\t\t\t<div class=\"elementor-widget-wrap elementor-element-populated\">\n\t\t\t\t\t\t<div class=\"elementor-element elementor-element-8002a04 elementor-widget elementor-widget-image\" data-id=\"8002a04\" data-element_type=\"widget\" data-e-type=\"widget\" data-widget_type=\"image.default\">\n\t\t\t\t<div class=\"elementor-widget-container\">\n\t\t\t\t\t\t\t\t\t\t\t\t\t\t\t<img decoding=\"async\" width=\"640\" height=\"427\" src=\"https:\/\/www.ceran.com\/wp-content\/uploads\/2022\/08\/2I0A3647_SPA-web.jpg\" class=\"attachment-large size-large wp-image-59299\" alt=\"\" srcset=\"https:\/\/www.ceran.com\/wp-content\/uploads\/2022\/08\/2I0A3647_SPA-web.jpg 1000w, https:\/\/www.ceran.com\/wp-content\/uploads\/2022\/08\/2I0A3647_SPA-web-300x200.jpg 300w, https:\/\/www.ceran.com\/wp-content\/uploads\/2022\/08\/2I0A3647_SPA-web-768x512.jpg 768w\" sizes=\"(max-width: 640px) 100vw, 640px\" \/>\t\t\t\t\t\t\t\t\t\t\t\t\t\t\t<\/div>\n\t\t\t\t<\/div>\n\t\t\t\t\t<\/div>\n\t\t<\/div>\n\t\t\t\t<div class=\"elementor-column elementor-col-50 elementor-top-column elementor-element elementor-element-5e16cb9\" data-id=\"5e16cb9\" data-element_type=\"column\" data-e-type=\"column\">\n\t\t\t<div class=\"elementor-widget-wrap elementor-element-populated\">\n\t\t\t\t\t\t<div class=\"elementor-element elementor-element-63224f2 elementor-widget elementor-widget-image\" data-id=\"63224f2\" data-element_type=\"widget\" data-e-type=\"widget\" data-widget_type=\"image.default\">\n\t\t\t\t<div class=\"elementor-widget-container\">\n\t\t\t\t\t\t\t\t\t\t\t\t\t\t\t<img loading=\"lazy\" decoding=\"async\" width=\"640\" height=\"427\" src=\"https:\/\/www.ceran.com\/wp-content\/uploads\/2022\/08\/2I0A3655_SPA-web.jpg\" class=\"attachment-large size-large wp-image-59309\" alt=\"Salle de Sport CERAN\" srcset=\"https:\/\/www.ceran.com\/wp-content\/uploads\/2022\/08\/2I0A3655_SPA-web.jpg 1000w, https:\/\/www.ceran.com\/wp-content\/uploads\/2022\/08\/2I0A3655_SPA-web-300x200.jpg 300w, https:\/\/www.ceran.com\/wp-content\/uploads\/2022\/08\/2I0A3655_SPA-web-768x512.jpg 768w\" sizes=\"(max-width: 640px) 100vw, 640px\" \/>\t\t\t\t\t\t\t\t\t\t\t\t\t\t\t<\/div>\n\t\t\t\t<\/div>\n\t\t\t\t\t<\/div>\n\t\t<\/div>\n\t\t\t\t\t<\/div>\n\t\t<\/section>\n\t\t\t\t<section class=\"elementor-section elementor-top-section elementor-element elementor-element-0fe3700 elementor-section-boxed elementor-section-height-default elementor-section-height-default\" data-id=\"0fe3700\" data-element_type=\"section\" data-e-type=\"section\">\n\t\t\t\t\t\t<div class=\"elementor-container elementor-column-gap-default\">\n\t\t\t\t\t<div class=\"elementor-column elementor-col-100 elementor-top-column elementor-element elementor-element-7ab5998\" data-id=\"7ab5998\" data-element_type=\"column\" data-e-type=\"column\">\n\t\t\t<div class=\"elementor-widget-wrap elementor-element-populated\">\n\t\t\t\t\t\t<div class=\"elementor-element elementor-element-819516d elementor-widget elementor-widget-heading\" data-id=\"819516d\" data-element_type=\"widget\" data-e-type=\"widget\" data-widget_type=\"heading.default\">\n\t\t\t\t<div class=\"elementor-widget-container\">\n\t\t\t\t\t<h3 class=\"elementor-heading-title elementor-size-default\">Que dire de cette premi\u00e8re journ\u00e9e d'apprentissage des langues au CERAN ? <\/h3>\t\t\t\t<\/div>\n\t\t\t\t<\/div>\n\t\t\t\t<div class=\"elementor-element elementor-element-7b2da1c elementor-widget elementor-widget-text-editor\" data-id=\"7b2da1c\" data-element_type=\"widget\" data-e-type=\"widget\" data-widget_type=\"text-editor.default\">\n\t\t\t\t<div class=\"elementor-widget-container\">\n\t\t\t\t\t\t\t\t\t<p>J&rsquo;ai un peu visit\u00e9 les lieux hier, et j&rsquo;ai \u00e9t\u00e9 agr\u00e9ablement surpris de ce que j&rsquo;ai vu ici au CERAN. Mon immersion a commenc\u00e9 hier \u00e0 19h, et on a pris l&rsquo;ap\u00e9ro avec les autres \u00e9l\u00e8ves et les professeurs.<\/p><p>Et bien entendu, l&rsquo;ap\u00e9ro \u00e9tait tr\u00e8s sympathique, mais n\u00e9anmoins, on a d\u00e9j\u00e0 commenc\u00e9 \u00e0 parler anglais durant cet ap\u00e9ro lors de cet \u00e9change linguistique.<\/p><p><span style=\"color: var( --e-global-color-text ); font-family: var( --e-global-typography-text-font-family ), Sans-serif; font-size: var( --e-global-typography-text-font-size ); font-weight: var( --e-global-typography-text-font-weight ); background-color: var(--bs-body-bg); text-align: var(--bs-body-text-align);\">On a d\u00e9j\u00e0 fait connaissance avec les autres \u00e9l\u00e8ves. Donc l\u00e0, on est avec des \u00e9l\u00e8ves de Belgique, de France, des Pays-Bas et de Russie. Il y a une dame qui vient en effet de Russie pour apprendre \u00e0 perfectionner son anglais.<\/span><\/p><p><strong>Alors, quel est mon avis, par rapport \u00e0 ma premi\u00e8re journ\u00e9e d&rsquo;immersion en langue au CERAN ?<\/strong><\/p><p>Bien, on a des discussions plut\u00f4t cools et d\u00e9tendues. N\u00e9anmoins, je sens d\u00e9j\u00e0 que les professeurs reformulent et recadrent ce que je dis en anglais.<\/p><p>Au niveau de la grammaire et de mon vocabulaire. Donc hier, j&rsquo;ai pratiqu\u00e9 l&rsquo;anglais de 19 h \u00e0 22 heures. En une soir\u00e9e d&rsquo;accueil, j&rsquo;ai d\u00e9j\u00e0 pratiqu\u00e9 3 heures non-stop d&rsquo;anglais.<\/p><p>Il faut savoir que nous autres, les \u00e9l\u00e8ves de mon groupe avons un niveau interm\u00e9diaire en anglais. C&rsquo;est \u00e0 dire plus ou moins B1. On n\u2019est ni des pro, ni des n\u00e9ophytes. Donc voil\u00e0, on a d\u00e9j\u00e0 commenc\u00e9 \u00e0 pratiquer tout \u00e7a.\u00a0<\/p>\t\t\t\t\t\t\t\t<\/div>\n\t\t\t\t<\/div>\n\t\t\t\t\t<\/div>\n\t\t<\/div>\n\t\t\t\t\t<\/div>\n\t\t<\/section>\n\t\t\t\t<section class=\"elementor-section elementor-top-section elementor-element elementor-element-c619714 elementor-section-boxed elementor-section-height-default elementor-section-height-default\" data-id=\"c619714\" data-element_type=\"section\" data-e-type=\"section\">\n\t\t\t\t\t\t<div class=\"elementor-container elementor-column-gap-default\">\n\t\t\t\t\t<div class=\"elementor-column elementor-col-100 elementor-top-column elementor-element elementor-element-4ceb33e\" data-id=\"4ceb33e\" data-element_type=\"column\" data-e-type=\"column\">\n\t\t\t<div class=\"elementor-widget-wrap elementor-element-populated\">\n\t\t\t\t\t\t<div class=\"elementor-element elementor-element-57d9a4b elementor-widget elementor-widget-heading\" data-id=\"57d9a4b\" data-element_type=\"widget\" data-e-type=\"widget\" data-widget_type=\"heading.default\">\n\t\t\t\t<div class=\"elementor-widget-container\">\n\t\t\t\t\t<h2 class=\"elementor-heading-title elementor-size-default\">Jour 3 : Ma plong\u00e9e en eau profonde dans le bain linguistique<\/h2>\t\t\t\t<\/div>\n\t\t\t\t<\/div>\n\t\t\t\t\t<\/div>\n\t\t<\/div>\n\t\t\t\t\t<\/div>\n\t\t<\/section>\n\t\t\t\t<section class=\"elementor-section elementor-top-section elementor-element elementor-element-680a2bb elementor-section-boxed elementor-section-height-default elementor-section-height-default\" data-id=\"680a2bb\" data-element_type=\"section\" data-e-type=\"section\">\n\t\t\t\t\t\t<div class=\"elementor-container elementor-column-gap-default\">\n\t\t\t\t\t<div class=\"elementor-column elementor-col-100 elementor-top-column elementor-element elementor-element-88df76e\" data-id=\"88df76e\" data-element_type=\"column\" data-e-type=\"column\">\n\t\t\t<div class=\"elementor-widget-wrap elementor-element-populated\">\n\t\t\t\t\t\t<div class=\"elementor-element elementor-element-f467e07 elementor-widget elementor-widget-text-editor\" data-id=\"f467e07\" data-element_type=\"widget\" data-e-type=\"widget\" data-widget_type=\"text-editor.default\">\n\t\t\t\t<div class=\"elementor-widget-container\">\n\t\t\t\t\t\t\t\t\t<p>Donc, aujourd&rsquo;hui est mon 3eme jour au CERAN. Et je vais appr\u00e9hender mon deuxi\u00e8me jour d&rsquo;apprentissage en anglais. Il est 8 h du matin et je vais prendre un bon petit d\u00e9jeuner.<\/p><p>Alors, que penser de ma premi\u00e8re journ\u00e9e d&rsquo;immersion an langue au CERAN ? Alors il faut savoir que j&rsquo;ai par\u00e9 anglais hier de 8h du matin \u00e0 quasi 22h au soir.<\/p><p>Et c&rsquo;est donc le ressenti d&rsquo;une personne qui plonge en eau profonde. Et ce qui m&rsquo;a marqu\u00e9 hier, c&rsquo;est que je m&rsquo;aper\u00e7ois apr\u00e8s une journ\u00e9e intense d&rsquo;apprentissage, la trame de la m\u00e9thodologie d&rsquo;apprentissage du CERAN.<\/p><p>\u00c0 travers des jeux et des discussions dans lesquels on communique avec les professeurs et les \u00e9l\u00e8ves, on a une m\u00e9thodologie de questions-r\u00e9ponses.<\/p><p>Lors de ces ateliers d\u2019Anglais, le professeur nous pose des questions \u00e0 propos de sujets que l&rsquo;on aime. On doit y r\u00e9pondre. Il reformule notre r\u00e9ponse en corrigeant naturellement notre prononciation, notre grammaire et notre conjugaison des verbes.<\/p><p>Et je dois dire qu&rsquo;\u00e0 travers cette m\u00e9thode conversationnelle de questions-r\u00e9ponses, on parvient d\u00e9j\u00e0 \u00e0 faire des phrases cl\u00e9s nous donnant d\u00e9j\u00e0 une indication sur ce qu&rsquo;il faut am\u00e9liorer. En termes de <strong>ponctuation, grammaire et prononciation<\/strong> de la langue anglaise.<\/p><p>L&rsquo;autre chose int\u00e9ressante, c&rsquo;est qu&rsquo;apr\u00e8s le d\u00eener, vers 20h30, on a encore des jeux de r\u00f4les entre \u00e9l\u00e8ves avec un ou deux professeurs. L\u00e0 encore une fois, tout se passe en anglais. J&rsquo;ai donc termin\u00e9 ma journ\u00e9e vers 22h00.<\/p><p>J\u2019\u00e9tais tr\u00e8s fatigu\u00e9, voire claqu\u00e9. J&rsquo;ai eu une bonne nuit de sommeil. Et maintenant je vais attaquer le petit d\u00e9jeuner comme un ogre. Ceci afin d&rsquo;avoir des forces pour attaquer cette nouvelle journ\u00e9e.<\/p>\t\t\t\t\t\t\t\t<\/div>\n\t\t\t\t<\/div>\n\t\t\t\t<div class=\"elementor-element elementor-element-d0df50d elementor-widget elementor-widget-heading\" data-id=\"d0df50d\" data-element_type=\"widget\" data-e-type=\"widget\" data-widget_type=\"heading.default\">\n\t\t\t\t<div class=\"elementor-widget-container\">\n\t\t\t\t\t<h3 class=\"elementor-heading-title elementor-size-default\">\u00catre en immersion en langue au milieu de la nature<\/h3>\t\t\t\t<\/div>\n\t\t\t\t<\/div>\n\t\t\t\t<div class=\"elementor-element elementor-element-9336096 elementor-widget elementor-widget-text-editor\" data-id=\"9336096\" data-element_type=\"widget\" data-e-type=\"widget\" data-widget_type=\"text-editor.default\">\n\t\t\t\t<div class=\"elementor-widget-container\">\n\t\t\t\t\t\t\t\t\t<p>Allez, j&rsquo;attaque ma journ\u00e9e avec un petit caf\u00e9. Et je vais en profiter pour vous donner un aper\u00e7u de l&rsquo;endroit o\u00f9 je prends mon petit d\u00e9jeuner. C&rsquo;est ici que je d\u00e9jeune avec mes camarades de classe partageant cet apprentissage en anglais avec moi.<\/p><p>Et ce qui est sympa, c&rsquo;est que ce patio, cette grande v\u00e9randa, dine sur des jardins. Donc ce n&rsquo;est pas une l\u00e9gende, c&rsquo;est vraiment une immersion totale au milieu de la campagne spadoise. Bon allez, je vous laisse, je vais prendre un petit caf\u00e9 pour bien d\u00e9buter la journ\u00e9e.<\/p><p>Bon, on attaque la journ\u00e9e avec une dose supr\u00eame de caf\u00e9ine. Sant\u00e9.<\/p>\t\t\t\t\t\t\t\t<\/div>\n\t\t\t\t<\/div>\n\t\t\t\t<div class=\"elementor-element elementor-element-c739767 elementor-widget elementor-widget-image\" data-id=\"c739767\" data-element_type=\"widget\" data-e-type=\"widget\" data-widget_type=\"image.default\">\n\t\t\t\t<div class=\"elementor-widget-container\">\n\t\t\t\t\t\t\t\t\t\t\t\t\t\t\t<img loading=\"lazy\" decoding=\"async\" width=\"640\" height=\"427\" src=\"https:\/\/www.ceran.com\/wp-content\/uploads\/2022\/03\/Chateauform-Campus-CERAN-Spa-1-1024x683.jpg\" class=\"attachment-large size-large wp-image-46664\" alt=\"meilleur s\u00e9jour immersion anglais - CERAN\" srcset=\"https:\/\/www.ceran.com\/wp-content\/uploads\/2022\/03\/Chateauform-Campus-CERAN-Spa-1-1024x683.jpg 1024w, https:\/\/www.ceran.com\/wp-content\/uploads\/2022\/03\/Chateauform-Campus-CERAN-Spa-1-300x200.jpg 300w, https:\/\/www.ceran.com\/wp-content\/uploads\/2022\/03\/Chateauform-Campus-CERAN-Spa-1-768x512.jpg 768w, https:\/\/www.ceran.com\/wp-content\/uploads\/2022\/03\/Chateauform-Campus-CERAN-Spa-1-1536x1024.jpg 1536w, https:\/\/www.ceran.com\/wp-content\/uploads\/2022\/03\/Chateauform-Campus-CERAN-Spa-1.jpg 1620w\" sizes=\"(max-width: 640px) 100vw, 640px\" \/>\t\t\t\t\t\t\t\t\t\t\t\t\t\t\t<\/div>\n\t\t\t\t<\/div>\n\t\t\t\t<div class=\"elementor-element elementor-element-04ab608 elementor-widget elementor-widget-heading\" data-id=\"04ab608\" data-element_type=\"widget\" data-e-type=\"widget\" data-widget_type=\"heading.default\">\n\t\t\t\t<div class=\"elementor-widget-container\">\n\t\t\t\t\t<h3 class=\"elementor-heading-title elementor-size-default\">Jour 4: L\u2019exp\u00e9rience s\u00e9jour linguistique de Renaud<\/h3>\t\t\t\t<\/div>\n\t\t\t\t<\/div>\n\t\t\t\t<div class=\"elementor-element elementor-element-eb3976f elementor-widget elementor-widget-text-editor\" data-id=\"eb3976f\" data-element_type=\"widget\" data-e-type=\"widget\" data-widget_type=\"text-editor.default\">\n\t\t\t\t<div class=\"elementor-widget-container\">\n\t\t\t\t\t\t\t\t\t<p>Aujourd\u2019hui est mon troisi\u00e8me jour \u00e0 Spa pour apprendre l&rsquo;anglais. Que dire de mon troisi\u00e8me jour ? Bon, d&rsquo;abord on go\u00fbte un petit caf\u00e9. Un peu de caf\u00e9ine sous perfusion qui me donnera de l&rsquo;\u00e9nergie pour aborder cette nouvelle journ\u00e9e tr\u00e8s charg\u00e9e.<\/p><p>Qu&rsquo;est-ce que j&rsquo;ai appris hier ? Hier, mardi, ce fut une journ\u00e9e tr\u00e8s riche d&rsquo;apprentissage en immersion. Et cette journ\u00e9e s&rsquo;est termin\u00e9e par une, deux, trois, voire quatre parties de billard jusqu&rsquo;\u00e0 minuit.<\/p><p>Ceci, avec les autres \u00e9l\u00e8ves de mon groupe. Toujours en anglais. C\u2019\u00e9tait sympa d&rsquo;avoir poursuivi cette journ\u00e9e d&rsquo;apprentissage en anglais avec cette partie de billard. Bon aussi, avec deux ou trois bi\u00e8res, mais cela reste entre nous.<\/p><p>Qu&rsquo;est-ce que l&rsquo;on a fait comme exercice ? Eh bien, <strong>j&rsquo;ai corrig\u00e9 ma grammaire, ma ponctuation, mon vocabulaire<\/strong>, \u00e0 travers des exercices pratico pratiques avec mes professeurs et les autres \u00e9l\u00e8ves. Donc c&rsquo;\u00e9tait vraiment intense.<\/p><p>Mais j&rsquo;ai l&rsquo;impression depuis aujourd&rsquo;hui, le troisi\u00e8me jour, d&rsquo;\u00eatre plus \u00e0 l&rsquo;aise en anglais. Surtout ma compr\u00e9hension orale.<\/p><p>Et je pense que d&rsquo;ici \u00e0 la fin de mon s\u00e9jour de cours d\u2019anglais intensifs, je vais&#8230;<\/p>\t\t\t\t\t\t\t\t<\/div>\n\t\t\t\t<\/div>\n\t\t\t\t<div class=\"elementor-element elementor-element-c46b6ba elementor-widget elementor-widget-heading\" data-id=\"c46b6ba\" data-element_type=\"widget\" data-e-type=\"widget\" data-widget_type=\"heading.default\">\n\t\t\t\t<div class=\"elementor-widget-container\">\n\t\t\t\t\t<h3 class=\"elementor-heading-title elementor-size-default\">Passer d'un niveau interm\u00e9diaire B1, \u00e0 un niveau B2<\/h3>\t\t\t\t<\/div>\n\t\t\t\t<\/div>\n\t\t\t\t<div class=\"elementor-element elementor-element-cea638b elementor-widget elementor-widget-text-editor\" data-id=\"cea638b\" data-element_type=\"widget\" data-e-type=\"widget\" data-widget_type=\"text-editor.default\">\n\t\t\t\t<div class=\"elementor-widget-container\">\n\t\t\t\t\t\t\t\t\t<p><span style=\"color: var( --e-global-color-text ); font-family: var( --e-global-typography-text-font-family ), Sans-serif; font-size: var( --e-global-typography-text-font-size ); font-weight: var( --e-global-typography-text-font-weight ); background-color: var(--bs-body-bg); text-align: var(--bs-body-text-align);\">Donc, c&rsquo;est une m\u00e9thode tr\u00e8s engageante qui demande beaucoup d&rsquo;\u00e9nergie, mais qui en vaut vraiment la peine.<\/span><\/p><p>De ce fait, c&rsquo;est super au top. Honn\u00eatement, <strong>mes professeurs sont d&rsquo;un niveau extraordinaire.<\/strong> Mais, ils restent vraiment p\u00e9dagogues et tr\u00e8s patients. Parce que je pense qu&rsquo;il faut \u00eatre tr\u00e8s patient pour \u00eatre un professeur de langue.<\/p><p>Et si je pouvais donner une image, ici au CERAN, c&rsquo;est un peu comme un Boot camp \u00e0 l&rsquo;arm\u00e9e. On ne te laisse jamais de r\u00e9pit. Tu parles tout le temps en anglais. On te corrige tout le temps. Et cela demande un peu de courage.<\/p><p>N\u00e9anmoins, le jeu en vaut la chandelle, car c&rsquo;est une super exp\u00e9rience d&rsquo;apprentissage. Voil\u00e0, je vais commencer ma troisi\u00e8me journ\u00e9e d&rsquo;apprentissage en anglais avec un petit caf\u00e9. Car il me faudra bien cela.<\/p>\t\t\t\t\t\t\t\t<\/div>\n\t\t\t\t<\/div>\n\t\t\t\t<div class=\"elementor-element elementor-element-da98a26 elementor-widget elementor-widget-heading\" data-id=\"da98a26\" data-element_type=\"widget\" data-e-type=\"widget\" data-widget_type=\"heading.default\">\n\t\t\t\t<div class=\"elementor-widget-container\">\n\t\t\t\t\t<h2 class=\"elementor-heading-title elementor-size-default\">Progresser rapidement en anglais et se faire des amis<\/h2>\t\t\t\t<\/div>\n\t\t\t\t<\/div>\n\t\t\t\t<div class=\"elementor-element elementor-element-128f524 elementor-widget elementor-widget-text-editor\" data-id=\"128f524\" data-element_type=\"widget\" data-e-type=\"widget\" data-widget_type=\"text-editor.default\">\n\t\t\t\t<div class=\"elementor-widget-container\">\n\t\t\t\t\t\t\t\t\t<p>Voil\u00e0, cette petite vid\u00e9o pour vous dire que je suis en train de faire ma pause avec les autres \u00e9l\u00e8ves du groupe d&rsquo;immersion en anglais. Et comme vous le voyez ici, nous sommes en train de faire un break bien m\u00e9rit\u00e9. Le break est anim\u00e9 et c&rsquo;est assez sympa de se retrouver ensemble ici.<\/p><ul><li><em>Hello Mickael, how do you feeel now about this day ?<\/em><\/li><li><em>I do this break and i&rsquo;m very happy.<\/em><\/li><li><em>What do you think about the student&rsquo;s level ?<\/em><\/li><li><em>Some student have higher level, some studient have lower level, but the main think is that each of them can progress.<\/em><\/li><li><em><em>So Mickael, thanks for this little interview.<\/em><\/em><p>\u00a0<\/p><\/li><\/ul><p><strong><span style=\"color: #3366ff;\"><a style=\"color: #3366ff;\" href=\"https:\/\/www.linkedin.com\/in\/michael-ealy-395b46216\/\">Mickael<\/a><\/span> est l&rsquo;est de nos professeurs<\/strong> d&rsquo;anglais ici au CERAN. Tr\u00e8s sympathique et tr\u00e8s exigeant aussi. Le niveau est assez relev\u00e9. Voil\u00e0, je propose de cette pause qui est la bienvenue.<\/p>\t\t\t\t\t\t\t\t<\/div>\n\t\t\t\t<\/div>\n\t\t\t\t<div class=\"elementor-element elementor-element-777eeb7 elementor-widget elementor-widget-heading\" data-id=\"777eeb7\" data-element_type=\"widget\" data-e-type=\"widget\" data-widget_type=\"heading.default\">\n\t\t\t\t<div class=\"elementor-widget-container\">\n\t\t\t\t\t<h2 class=\"elementor-heading-title elementor-size-default\">Jour 5: sur le campus des langues CERAN\n           <\/h2>\t\t\t\t<\/div>\n\t\t\t\t<\/div>\n\t\t\t\t<div class=\"elementor-element elementor-element-393d40b elementor-widget elementor-widget-text-editor\" data-id=\"393d40b\" data-element_type=\"widget\" data-e-type=\"widget\" data-widget_type=\"text-editor.default\">\n\t\t\t\t<div class=\"elementor-widget-container\">\n\t\t\t\t\t\t\t\t\t<p>Voil\u00e0, c&rsquo;est le d\u00e9but du quatri\u00e8me jour ici au CERAN. Et l\u00e0, il est 7h45 du matin. Je n&rsquo;ai pas bien dormi cette nuit-ci, car il faisait un petit peu chaud. Et il faut dire que la veille, nous avons eu notre immersion en anglais qui fut encore tr\u00e8s intense. Aujourd&rsquo;hui, le r\u00e9veil \u00e9tait un peu plus difficile.<\/p><p>J&rsquo;arrive ici au d\u00e9partement d&rsquo;Anglais. Et je pense qu&rsquo;ici, on retrouve l&rsquo;un de mes professeurs.<\/p><ul><li><em>How are you Paul ?<\/em><\/li><li><em>Ok and you ?<\/em><\/li><li><em>Yes , fine<\/em><\/li><li><em>Ready for breakfast ?<\/em><\/li><li><em>A good breakfast would be a great thing for me today.<\/em>\u00a0 \u00a0 \u00a0 \u00a0 \u00a0\u00a0<\/li><\/ul>\t\t\t\t\t\t\t\t<\/div>\n\t\t\t\t<\/div>\n\t\t\t\t<div class=\"elementor-element elementor-element-350d6af elementor-widget elementor-widget-heading\" data-id=\"350d6af\" data-element_type=\"widget\" data-e-type=\"widget\" data-widget_type=\"heading.default\">\n\t\t\t\t<div class=\"elementor-widget-container\">\n\t\t\t\t\t<h3 class=\"elementor-heading-title elementor-size-default\">Plus qu\u2019un stage de langue, un espace linguistique d\u2019exception              \n<\/h3>\t\t\t\t<\/div>\n\t\t\t\t<\/div>\n\t\t\t\t<div class=\"elementor-element elementor-element-797d3ae elementor-widget elementor-widget-text-editor\" data-id=\"797d3ae\" data-element_type=\"widget\" data-e-type=\"widget\" data-widget_type=\"text-editor.default\">\n\t\t\t\t<div class=\"elementor-widget-container\">\n\t\t\t\t\t\t\t\t\t<p>Toutes ces salles ici au CERAN portent le nom d&rsquo;une ville internationale. Et chaque salle est d\u00e9di\u00e9e \u00e0 nos cours. Peut-on dire que ce sont des salles de torture ? C&rsquo;est un peu cela (rire).<\/p><p>Je prends mon sac et je me dirige lentement, mais surement, vers la salle de d\u00e9tente. On va se mettre un peu \u00e0 l&rsquo;aise ici. Voil\u00e0 notre salle de d\u00e9tente principale durant nos pauses. Voil\u00e0 notre machine \u00e0 caf\u00e9. Notre petit canap\u00e9.<\/p><p>C&rsquo;est ici que nous avons parfois des discussions interminables avec nos camarades de classe. Toujours en anglais, bien s\u00fbr. <strong>Plut\u00f4t sympathique, cette ambiance d\u00e9contract\u00e9e<\/strong> ici au CERAN. Bon allez, je vais d\u00e9poser ici mes affaires, avant ma journ\u00e9e de cours en anglais.<\/p>\t\t\t\t\t\t\t\t<\/div>\n\t\t\t\t<\/div>\n\t\t\t\t<div class=\"elementor-element elementor-element-b6a66b9 elementor-widget elementor-widget-image\" data-id=\"b6a66b9\" data-element_type=\"widget\" data-e-type=\"widget\" data-widget_type=\"image.default\">\n\t\t\t\t<div class=\"elementor-widget-container\">\n\t\t\t\t\t\t\t\t\t\t\t\t\t\t\t<img loading=\"lazy\" decoding=\"async\" width=\"640\" height=\"360\" src=\"https:\/\/www.ceran.com\/wp-content\/uploads\/2022\/03\/pm_8909_46_46829-eabwb88hoj-16_9_large-587-1024x576.jpg\" class=\"attachment-large size-large wp-image-45127\" alt=\"\" srcset=\"https:\/\/www.ceran.com\/wp-content\/uploads\/2022\/03\/pm_8909_46_46829-eabwb88hoj-16_9_large-587-1024x576.jpg 1024w, https:\/\/www.ceran.com\/wp-content\/uploads\/2022\/03\/pm_8909_46_46829-eabwb88hoj-16_9_large-587-300x169.jpg 300w, https:\/\/www.ceran.com\/wp-content\/uploads\/2022\/03\/pm_8909_46_46829-eabwb88hoj-16_9_large-587-768x432.jpg 768w, https:\/\/www.ceran.com\/wp-content\/uploads\/2022\/03\/pm_8909_46_46829-eabwb88hoj-16_9_large-587.jpg 1208w\" sizes=\"(max-width: 640px) 100vw, 640px\" \/>\t\t\t\t\t\t\t\t\t\t\t\t\t\t\t<\/div>\n\t\t\t\t<\/div>\n\t\t\t\t<div class=\"elementor-element elementor-element-e4d42f5 elementor-widget elementor-widget-heading\" data-id=\"e4d42f5\" data-element_type=\"widget\" data-e-type=\"widget\" data-widget_type=\"heading.default\">\n\t\t\t\t<div class=\"elementor-widget-container\">\n\t\t\t\t\t<h2 class=\"elementor-heading-title elementor-size-default\">L'avis de Renaud \u00e0 propos de son s\u00e9jour linguistique<\/h2>\t\t\t\t<\/div>\n\t\t\t\t<\/div>\n\t\t\t\t<div class=\"elementor-element elementor-element-e72f04f elementor-widget elementor-widget-text-editor\" data-id=\"e72f04f\" data-element_type=\"widget\" data-e-type=\"widget\" data-widget_type=\"text-editor.default\">\n\t\t\t\t<div class=\"elementor-widget-container\">\n\t\t\t\t\t\t\t\t\t<p>Voil\u00e0, clap de fin. C&rsquo;est ma derni\u00e8re journ\u00e9e de <strong>mon voyage d\u2019immersion en anglais<\/strong> , ici au CERAN. Et j&rsquo;ai une anecdote maintenant \u00e0 raconter. Quand je suis venu le premier jour au CERAN, une personne m&rsquo;a dit : <em>\u00a0\u00bb quand tu viens le premier jour au CERAN, tu vas pleurer. Et lors de ton dernier jour au CERAN, tu vas pleurer\u00a0\u00bb.<\/em><\/p><p>Et je ne comprenais pas au d\u00e9but en quoi consistait cette expression. H\u00e9 bien maintenant, avec un peu de recul, je peux dire que le premier jour, j&rsquo;ai failli pleurer<\/p><p>Parce que, comme je le disais dans mes pr\u00e9c\u00e9dentes vid\u00e9os, on est parachut\u00e9 dans une ile d\u00e9serte linguistique avec des inconnus. On se sent un peu mis \u00e0 nu. On se sent un peu vuln\u00e9rable de parler anglais, et donc on a envie de pleurer.<\/p><p>Et au fur et \u00e0 mesure des jours qui passent, on se fait des amis. C&rsquo;est une exp\u00e9rience tr\u00e8s particuli\u00e8re. Et ainsi aujourd&rsquo;hui, j&rsquo;aurais presque envie de pleurer. Au CERAN, le premier jour tu pleures, et le dernier jour aussi, h\u00e9 bien je pense que c&rsquo;est vrai.<\/p>\t\t\t\t\t\t\t\t<\/div>\n\t\t\t\t<\/div>\n\t\t\t\t<div class=\"elementor-element elementor-element-1bcfd43 elementor-widget elementor-widget-heading\" data-id=\"1bcfd43\" data-element_type=\"widget\" data-e-type=\"widget\" data-widget_type=\"heading.default\">\n\t\t\t\t<div class=\"elementor-widget-container\">\n\t\t\t\t\t<h3 class=\"elementor-heading-title elementor-size-default\">Une pr\u00e9paration linguistique menant \u00e0 une certification reconnue        <\/h3>\t\t\t\t<\/div>\n\t\t\t\t<\/div>\n\t\t\t\t<div class=\"elementor-element elementor-element-67a1d93 elementor-widget elementor-widget-text-editor\" data-id=\"67a1d93\" data-element_type=\"widget\" data-e-type=\"widget\" data-widget_type=\"text-editor.default\">\n\t\t\t\t<div class=\"elementor-widget-container\">\n\t\t\t\t\t\t\t\t\t<p>Eh bien, je suis particuli\u00e8rement fier de cet instant-l\u00e0, car comme tout bon \u00e9l\u00e8ve au CERAN, <strong>j&rsquo;ai eu mon dipl\u00f4me<\/strong>. Je vais vous le montrer, car celui-l\u00e0, j&rsquo;ai \u00e9t\u00e9 bien le chercher quand m\u00eame. Je suis fier d&rsquo;avoir obtenu ce dipl\u00f4me de participation.<\/p><p>Parce que celui-ci constitue la preuve de mon engagement \u00e0 travailler comme un acharn\u00e9 en tant qu&rsquo;\u00e9tudiant au CERAN. Une belle preuve de <strong>mes progr\u00e8s linguistiques<\/strong> !<\/p><p>Je profite de cette mini-victoire et de cette derni\u00e8re journ\u00e9e de s\u00e9jour d&rsquo;apprentissage, pour partager ma joie d&rsquo;avoir accompli cette immersion en langue au CERAN. C&rsquo;\u00e9tait quand m\u00eame du sport et je suis plut\u00f4t fier de moi.<\/p>\t\t\t\t\t\t\t\t<\/div>\n\t\t\t\t<\/div>\n\t\t\t\t<div class=\"elementor-element elementor-element-92cd4bd elementor-widget elementor-widget-heading\" data-id=\"92cd4bd\" data-element_type=\"widget\" data-e-type=\"widget\" data-widget_type=\"heading.default\">\n\t\t\t\t<div class=\"elementor-widget-container\">\n\t\t\t\t\t<h3 class=\"elementor-heading-title elementor-size-default\">Un environnement linguistique propice enrichissant<\/h3>\t\t\t\t<\/div>\n\t\t\t\t<\/div>\n\t\t\t\t<div class=\"elementor-element elementor-element-ec58903 elementor-widget elementor-widget-text-editor\" data-id=\"ec58903\" data-element_type=\"widget\" data-e-type=\"widget\" data-widget_type=\"text-editor.default\">\n\t\t\t\t<div class=\"elementor-widget-container\">\n\t\t\t\t\t\t\t\t\t<p>Alors, petit souvenir ici, de mon passage \u00e0 la salle de billard. C&rsquo;est le lieu o\u00f9 tout \u00e9l\u00e8ve digne de ce nom, doit passer apr\u00e8s une journ\u00e9e de travail. Et je me souviens ici, quelques parties m\u00e9morables avec mes camarades de classe.<\/p><p><strong>Vraiment sympathique cet endroit<\/strong>. Tr\u00e8s bon souvenir pour moi, cette salle de billard m\u00e9morable. Accompagn\u00e9e d&rsquo;une ou deux verres de bi\u00e8res. Mais, cela, on va le garder pour nous.<\/p><p>Super content de ce moment. Je viens de recevoir \u00e0 l&rsquo;instant, mes r\u00e9sultats de mon assesment. Mon bilan final en tant qu&rsquo;\u00e9tudiant au CERAN. Je vais un peu vous partager ce que je viens de d\u00e9couvrir \u00e0 l&rsquo;instant. Comment j&rsquo;ai \u00e9volu\u00e9 durant cette semaine en grammaire, vocabulaire, etc.<\/p>\t\t\t\t\t\t\t\t<\/div>\n\t\t\t\t<\/div>\n\t\t\t\t<div class=\"elementor-element elementor-element-6cfcda4 elementor-widget elementor-widget-heading\" data-id=\"6cfcda4\" data-element_type=\"widget\" data-e-type=\"widget\" data-widget_type=\"heading.default\">\n\t\t\t\t<div class=\"elementor-widget-container\">\n\t\t\t\t\t<h3 class=\"elementor-heading-title elementor-size-default\">Comment j\u2019ai am\u00e9lior\u00e9 mon anglais : mon bilan<\/h3>\t\t\t\t<\/div>\n\t\t\t\t<\/div>\n\t\t\t\t<div class=\"elementor-element elementor-element-cbd15eb elementor-widget elementor-widget-text-editor\" data-id=\"cbd15eb\" data-element_type=\"widget\" data-e-type=\"widget\" data-widget_type=\"text-editor.default\">\n\t\t\t\t<div class=\"elementor-widget-container\">\n\t\t\t\t\t\t\t\t\t<p>Alors, que me dit <span style=\"color: #3366ff;\"><a style=\"color: #3366ff;\" href=\"https:\/\/www.ceran.com\/fr\/tests-certifiants\/\">mon test toeic<\/a><\/span>, ce bilan de comp\u00e9tences linguistiques en anglais auquel j\u2019ai acc\u00e8s sur mon portail \u00e9tudiant CERAN , apr\u00e8s cette immersion en anglais ?<\/p><p>Eh bien, \u00e0 la fin d&rsquo;une semaine de cours intensifs, <strong>je suis devenu B1 complet<\/strong>. On peut voir durant cette semaine, que j&rsquo;ai progress\u00e9 au niveau de cette barre rouge.<\/p><p>Cette barre rouge me permet de voir ma progression dans ma capacit\u00e9 \u00e0 \u00eatre plus \u00e0 l&rsquo;aise dans ma capacit\u00e9 \u00e0 \u00eatre \u00e0 l&rsquo;aise quand je parle en anglais. Ainsi que ma progression en expression orale.<\/p><p>Car ici au CERAN, on apprend vraiment \u00e0 communiquer. Ce qui est super important. Donc je suis vraiment tr\u00e8s content d&rsquo;avoir \u00e9lev\u00e9 mon niveau d&rsquo;anglais pour atteindre le niveau B1 complet.<\/p><p>Donc mon objectif \u00e0 partir de maintenant, c&rsquo;est de terminer C1, donc quasi-parler comme une personne native en langue anglaise.<\/p><p><strong>Ici, in peut voir mes besoins de d\u00e9part.\u00a0<\/strong><b>\u00c0 savoir<\/b><strong>\u00a0:<\/strong><\/p><ul><li>Avoir une conversation formelle et informelle dans le cadre de l\u2019Anglais des affaires et de ma vie priv\u00e9e.<\/li><li>Savoir bien s&rsquo;exprimer en anglais<\/li><\/ul><p>\u00a0<\/p><p>C&rsquo;\u00e9tait tr\u00e8s int\u00e9ressant.<\/p><p>On peut voir maintenant ici, ce que m&rsquo;a communiqu\u00e9 <span style=\"color: #3366ff;\"><a style=\"color: #3366ff;\" href=\"https:\/\/www.linkedin.com\/in\/jennifer-jones-115609125\/\">Jennifer<\/a><\/span>, la responsable du d\u00e9partement anglais ici au CERAN. En somme ce que j&rsquo;ai am\u00e9lior\u00e9 dans mon apprentissage de l&rsquo;anglais durant cette petite semaine de cours.<\/p><p>Je suis plut\u00f4t content du r\u00e9sultat. L\u00e0, ce sont les diff\u00e9rents points de grammaire que j&rsquo;ai d\u00e9j\u00e0 am\u00e9lior\u00e9s et ceux que je dois encore am\u00e9liorer.<\/p><p>Ici, on peut voir en quoi <strong>je me suis am\u00e9lior\u00e9 dans mon expression orale<\/strong>. J&rsquo;ai progress\u00e9 d&rsquo;une barre en une semaine. Idem pour l&rsquo;expression orale et les interactions. Savoir interagir avec les autres, communiquer en anglais et \u00eatre \u00e0 l&rsquo;aise.<\/p><p>Voil\u00e0 maintenant par rapport \u00e0 mon expression \u00e9crite. J&rsquo;ai augment\u00e9 mon niveau. Je suis vraiment super content.<\/p><p>La finalit\u00e9&#8230; Quel est mon avis par rapport \u00e0 tout cela ?\u00a0<\/p>\t\t\t\t\t\t\t\t<\/div>\n\t\t\t\t<\/div>\n\t\t\t\t<div class=\"elementor-element elementor-element-2f45a7c elementor-widget elementor-widget-image\" data-id=\"2f45a7c\" data-element_type=\"widget\" data-e-type=\"widget\" data-widget_type=\"image.default\">\n\t\t\t\t<div class=\"elementor-widget-container\">\n\t\t\t\t\t\t\t\t\t\t\t\t\t\t\t<img loading=\"lazy\" decoding=\"async\" width=\"640\" height=\"427\" src=\"https:\/\/www.ceran.com\/wp-content\/uploads\/2022\/03\/2005-1024x683.jpg\" class=\"attachment-large size-large wp-image-47538\" alt=\"apprendre italien, allemand, anglais, fran\u00e7ais et n\u00e9erlandais au CERAN\" srcset=\"https:\/\/www.ceran.com\/wp-content\/uploads\/2022\/03\/2005-1024x683.jpg 1024w, https:\/\/www.ceran.com\/wp-content\/uploads\/2022\/03\/2005-300x200.jpg 300w, https:\/\/www.ceran.com\/wp-content\/uploads\/2022\/03\/2005-768x512.jpg 768w, https:\/\/www.ceran.com\/wp-content\/uploads\/2022\/03\/2005.jpg 1173w\" sizes=\"(max-width: 640px) 100vw, 640px\" \/>\t\t\t\t\t\t\t\t\t\t\t\t\t\t\t<\/div>\n\t\t\t\t<\/div>\n\t\t\t\t<div class=\"elementor-element elementor-element-9e97308 elementor-widget elementor-widget-heading\" data-id=\"9e97308\" data-element_type=\"widget\" data-e-type=\"widget\" data-widget_type=\"heading.default\">\n\t\t\t\t<div class=\"elementor-widget-container\">\n\t\t\t\t\t<h3 class=\"elementor-heading-title elementor-size-default\">La m\u00e9thode de langue CERAN : une m\u00e9thode ultra compl\u00e8te<\/h3>\t\t\t\t<\/div>\n\t\t\t\t<\/div>\n\t\t\t\t<div class=\"elementor-element elementor-element-3f40f69 elementor-widget elementor-widget-text-editor\" data-id=\"3f40f69\" data-element_type=\"widget\" data-e-type=\"widget\" data-widget_type=\"text-editor.default\">\n\t\t\t\t<div class=\"elementor-widget-container\">\n\t\t\t\t\t\t\t\t\t<p><span style=\"color: var( --e-global-color-text ); font-size: 0.938rem; background-color: var(--bs-body-bg); text-align: var(--bs-body-text-align);\">L&rsquo;air de rien, en terme d&rsquo;apprentissage de la grammaire, de l&rsquo;expression. Mais aussi de la capacit\u00e9 \u00e0 s&rsquo;exprimer ais\u00e9ment en langue anglaise.<\/span><\/p><p>Vous savez, j&rsquo;avais essay\u00e9 avant de venir au CERAN, des m\u00e9thodes en ligne (un peu comme tout le monde, parce que je sais que c&rsquo;est \u00e0 la mode maintenant).<\/p><p>Mais, clairement, il n&rsquo;y a pas photo, apr\u00e8s une semaine, entre une vraie immersion et des vraies personnes, o\u00f9 l&rsquo;<strong>on parle anglais q<\/strong><b>uasi-jour<\/b><strong>\u00a0et nuit<\/strong>&#8230; et une m\u00e9thode en ligne qui peut \u00eatre bien et utile. Mais la comparaison s&rsquo;arr\u00eate l\u00e0. Cela n&rsquo;a rien \u00e0 voir.<\/p><p>Un petit mot de conclusion \u00e0 propos de mon s\u00e9jour en langue au CERAN. Si vous \u00eates vraiment motiv\u00e9, vraiment engag\u00e9, \u00e0 apprendre une langue \u00e9trang\u00e8re (dans mon cas, l&rsquo;anglais), il faut vraiment venir au CERAN.<\/p><p>Pourquoi ? Parce que moi, <strong>cela m\u2019a quand m\u00eame assez bluff\u00e9<\/strong>. Il faut dire que cela est tout de m\u00eame un budget.<\/p><p>Quand on est motiv\u00e9 \u00e0 perfectionner son anglais, et que l&rsquo;on s&rsquo;engage dans ce processus d&rsquo;apprentissage en immersion d&rsquo;une langue, je pense qu&rsquo;il n&rsquo;y a pas meilleur moyen d&rsquo;apprendre \u00e0<strong> devenir beaucoup plus efficace dans sa fa\u00e7on de parler anglais<\/strong>.<\/p><p>De s&rsquo;exprimer en anglais, et d&rsquo;avoir des interactions avec les autres dans la langue de Shakespeare. Par cons\u00e9quent, si je devais donner une note sur 10 apr\u00e8s mon passage comme \u00e9l\u00e8ve \u00e0 ce s\u00e9jour au CERAN, je mettrais neuf sur dix.<\/p><p>Alors pourquoi neuf sur dix et pas dix ?<\/p><p>Eh bien, petit b\u00e9mol, il faisait un peu chaud dans les chambres. Mais \u00e0 part cela, le reste est top. Que ce soit au niveau de l&rsquo;infrastructure, des professeurs et des autres \u00e9tudiants. Rien \u00e0 dire d&rsquo;autre.<\/p>\t\t\t\t\t\t\t\t<\/div>\n\t\t\t\t<\/div>\n\t\t\t\t<div class=\"elementor-element elementor-element-2ed1c91 elementor-widget elementor-widget-heading\" data-id=\"2ed1c91\" data-element_type=\"widget\" data-e-type=\"widget\" data-widget_type=\"heading.default\">\n\t\t\t\t<div class=\"elementor-widget-container\">\n\t\t\t\t\t<h3 class=\"elementor-heading-title elementor-size-default\">Une pratique linguistique excellente, des amiti\u00e9s inoubliables<\/h3>\t\t\t\t<\/div>\n\t\t\t\t<\/div>\n\t\t\t\t<div class=\"elementor-element elementor-element-e235c60 elementor-widget elementor-widget-text-editor\" data-id=\"e235c60\" data-element_type=\"widget\" data-e-type=\"widget\" data-widget_type=\"text-editor.default\">\n\t\t\t\t<div class=\"elementor-widget-container\">\n\t\t\t\t\t\t\t\t\t<p>Je suis maintenant en compagnie de mon amie <strong>Irina<\/strong>.<\/p>\n<ul>\n<li><em>Bonjour Renaud (rires)<br><\/em>\n<p><\/p>\n<\/li>\n<li><strong>Irina<\/strong> est un peu stress\u00e9e \u00e0 cause de la cam\u00e9ra (rires). J&rsquo;en profite pour lui demander \u00e0 travers cette interview, ce qu&rsquo;elle pense du CERAN, et son point de vue par rapport au CERAN.<br><br><\/li>\n<li><em style=\"color: var( --e-global-color-text ); font-family: var( --e-global-typography-text-font-family ), Sans-serif; font-size: var( --e-global-typography-text-font-size ); font-weight: var( --e-global-typography-text-font-weight ); text-align: var(--bs-body-text-align); background-color: var(--bs-body-bg);\">Je suis Russe et je vis actuellement \u00e0 Barcelone en Espagne. Et je suis ici pour que mon r\u00eave devienne r\u00e9alit\u00e9 : <strong>parler anglais couramment et avec facilit\u00e9<\/strong>. Mon nouveau job m&rsquo;en a donn\u00e9 la possibilit\u00e9. Et c&rsquo;est pourquoi je suis ici au CERAN&nbsp;pour faire ce grand pas en avant&#8230;.<br><\/em><em style=\"color: var( --e-global-color-text ); font-family: var( --e-global-typography-text-font-family ), Sans-serif; font-size: var( --e-global-typography-text-font-size ); font-weight: var( --e-global-typography-text-font-weight ); text-align: var(--bs-body-text-align); background-color: var(--bs-body-bg);\"><br>&#8230; Je ne suis pas encore totalement performante mais j&rsquo;ai fait un grand bond en avant depuis que je suis ici au CERAN. Ce fut tr\u00e8s challengeant ces 14 premiers jours ici. Quand je suis venue ici la premi\u00e8re fois ici, <strong>je fus surprise tr\u00e8s positivement par ce que j&rsquo;ai d\u00e9couvert<\/strong>&#8230;<br><\/em><em style=\"color: var( --e-global-color-text ); font-family: var( --e-global-typography-text-font-family ), Sans-serif; font-size: var( --e-global-typography-text-font-size ); font-weight: var( --e-global-typography-text-font-weight ); text-align: var(--bs-body-text-align); background-color: var(--bs-body-bg);\"><br>&#8230; Je n&rsquo;\u00e9tais pas pr\u00e9par\u00e9e \u00e0 vivre dans un endroit aussi calme et paisible. Pour dire vrai, c&rsquo;est une consultante qui m&rsquo;a conseill\u00e9 de venir ici les yeux ferm\u00e9s. Je lui ai donc fait confiance, sans m\u00eame consulter le site web du CERAN.<br><\/em><em style=\"color: var( --e-global-color-text ); font-family: var( --e-global-typography-text-font-family ), Sans-serif; font-size: var( --e-global-typography-text-font-size ); font-weight: var( --e-global-typography-text-font-weight ); text-align: var(--bs-body-text-align); background-color: var(--bs-body-bg);\"><br>D\u00e8s le premier soir, j&rsquo;ai d\u00e9couvert une nourriture, des personnes, <strong>un endroit, et une nature environnante vraiment supers<\/strong>. Je m&rsquo;\u00e9tais pr\u00e9par\u00e9e pour effectuer un s\u00e9jour linguistique intensif en langue, et seulement \u00e7a\u2026<br><\/em><em style=\"color: var( --e-global-color-text ); font-family: var( --e-global-typography-text-font-family ), Sans-serif; font-size: var( --e-global-typography-text-font-size ); font-weight: var( --e-global-typography-text-font-weight ); background-color: var(--bs-body-bg); text-align: var(--bs-body-text-align);\"><br>\u2026Mais ici c&rsquo;est en r\u00e9alit\u00e9 tout le contraire. On peut <strong>faire pas mal d&rsquo;activit\u00e9s<\/strong> en plus de pratiquer la langue. En plus de la tr\u00e8s<strong> bonne nourriture<\/strong>, on y rencontre des<strong> personnes absolument chaleureuses <\/strong>et int\u00e9ressantes, sp\u00e9cialement toi, Renaud (rire)&#8230;<br><\/em><em style=\"color: var( --e-global-color-text ); font-family: var( --e-global-typography-text-font-family ), Sans-serif; font-size: var( --e-global-typography-text-font-size ); font-weight: var( --e-global-typography-text-font-weight ); background-color: var(--bs-body-bg); text-align: var(--bs-body-text-align);\"><br>&#8230; Par cons\u00e9quence, je suis super contente d&rsquo;\u00eatre ici, et je recommande le CERAN pour tout, et \u00e0 tout le monde. Excusez-moi, mais mon anglais n&rsquo;est pas encore tout \u00e0 fait performant (rires)&#8230;<br><\/em>\n<p><\/p>\n<\/li>\n<li><em style=\"color: var( --e-global-color-text ); font-family: var( --e-global-typography-text-font-family ), Sans-serif; font-size: var( --e-global-typography-text-font-size ); font-weight: var( --e-global-typography-text-font-weight ); background-color: var(--bs-body-bg); text-align: var(--bs-body-text-align);\">Irina exag\u00e8re un peu, car ce qu&rsquo;elle ne dit pas, c&rsquo;est qu&rsquo;elle a \u00e9norm\u00e9ment progress\u00e9, je m&rsquo;en suis aper\u00e7u durant cette semaine d&rsquo;entrainement aux langues. Moi je trouve qu&rsquo;elle parle tr\u00e8s bien anglais. <\/em><em>Voil\u00e0, c&rsquo;\u00e9tait cool de partager ce moment avec Irina.<\/em><\/li>\n<\/ul>\t\t\t\t\t\t\t\t<\/div>\n\t\t\t\t<\/div>\n\t\t\t\t\t<\/div>\n\t\t<\/div>\n\t\t\t\t\t<\/div>\n\t\t<\/section>\n\t\t\t\t<section class=\"elementor-section elementor-top-section elementor-element elementor-element-bcff898 elementor-section-boxed elementor-section-height-default elementor-section-height-default\" data-id=\"bcff898\" data-element_type=\"section\" data-e-type=\"section\">\n\t\t\t\t\t\t<div class=\"elementor-container elementor-column-gap-default\">\n\t\t\t\t\t<div class=\"elementor-column elementor-col-100 elementor-top-column elementor-element elementor-element-f7636c1\" data-id=\"f7636c1\" data-element_type=\"column\" data-e-type=\"column\">\n\t\t\t<div class=\"elementor-widget-wrap elementor-element-populated\">\n\t\t\t\t\t\t<div class=\"elementor-element elementor-element-871ad88 elementor-widget elementor-widget-heading\" data-id=\"871ad88\" data-element_type=\"widget\" data-e-type=\"widget\" data-widget_type=\"heading.default\">\n\t\t\t\t<div class=\"elementor-widget-container\">\n\t\t\t\t\t<h3 class=\"elementor-heading-title elementor-size-default\">Cr\u00e9ez de nouvelles opportunit\u00e9s dans votre vie personnelle et professionnelle<\/h3>\t\t\t\t<\/div>\n\t\t\t\t<\/div>\n\t\t\t\t<div class=\"elementor-element elementor-element-bfd1f3c elementor-widget elementor-widget-text-editor\" data-id=\"bfd1f3c\" data-element_type=\"widget\" data-e-type=\"widget\" data-widget_type=\"text-editor.default\">\n\t\t\t\t<div class=\"elementor-widget-container\">\n\t\t\t\t\t\t\t\t\t<p>Merci \u00e0 Renaud, de nous avoir fait partager ces moments inoubliables lors de son s\u00e9jour en immersion dans notre grande famille linguistique qu\u2019est le CERAN. Gageons qu\u2019il en gardera un excellent souvenir !<\/p><p>Si comme Renaud, vous d\u00e9sirez prendre des cours de langue, dans l\u2019une des meilleures \u00e9coles de langue pour progresser dans votre anglais professionnel, et rapidement devenir bilingue, vous \u00eates libre de\u00a0<strong><a href=\"https:\/\/www.ceran.com\/fr\/brochure-professionnels-2022-offerte\/\">t\u00e9l\u00e9charger notre brochure<\/a><\/strong>. Vous aurez un aper\u00e7u de nos diff\u00e9rentes formules de cours.<\/p><p>Comme Renaud, cr\u00e9ez de nouvelles opportunit\u00e9s dans votre vie personnelle et professionnelle en apprenant \u00e0 communiquer avec plus de confiance gr\u00e2ce \u00e0 nos\u00a0<strong>solutions linguistiques et interculturelles sur-mesure<\/strong>.<\/p>\t\t\t\t\t\t\t\t<\/div>\n\t\t\t\t<\/div>\n\t\t\t\t\t<\/div>\n\t\t<\/div>\n\t\t\t\t\t<\/div>\n\t\t<\/section>\n\t\t\t\t<section class=\"elementor-section elementor-top-section elementor-element elementor-element-a3e54b4 elementor-section-boxed elementor-section-height-default elementor-section-height-default\" data-id=\"a3e54b4\" data-element_type=\"section\" data-e-type=\"section\">\n\t\t\t\t\t\t<div class=\"elementor-container elementor-column-gap-default\">\n\t\t\t\t\t<div class=\"elementor-column elementor-col-100 elementor-top-column elementor-element elementor-element-1d9bf86\" data-id=\"1d9bf86\" data-element_type=\"column\" data-e-type=\"column\">\n\t\t\t<div class=\"elementor-widget-wrap elementor-element-populated\">\n\t\t\t\t\t\t<div class=\"elementor-element elementor-element-2b4b652 elementor-cta--skin-classic elementor-animated-content elementor-bg-transform elementor-bg-transform-zoom-in elementor-widget elementor-widget-call-to-action\" data-id=\"2b4b652\" data-element_type=\"widget\" data-e-type=\"widget\" data-widget_type=\"call-to-action.default\">\n\t\t\t\t<div class=\"elementor-widget-container\">\n\t\t\t\t\t\t\t<div class=\"elementor-cta\">\n\t\t\t\t\t<div class=\"elementor-cta__bg-wrapper\">\n\t\t\t\t<div class=\"elementor-cta__bg elementor-bg\" style=\"background-image: url(https:\/\/www.ceran.com\/wp-content\/uploads\/2022\/05\/immersion_Pro_Table.jpg);\" role=\"img\" aria-label=\"apprendre l&#039;allemand\"><\/div>\n\t\t\t\t<div class=\"elementor-cta__bg-overlay\"><\/div>\n\t\t\t<\/div>\n\t\t\t\t\t\t\t<div class=\"elementor-cta__content\">\n\t\t\t\t\n\t\t\t\t\t\t\t\t\t<h2 class=\"elementor-cta__title elementor-cta__content-item elementor-content-item\">\n\t\t\t\t\t\tT\u00e9l\u00e9chargez votre brochure\t\t\t\t\t<\/h2>\n\t\t\t\t\n\t\t\t\t\t\t\t\t\t<div class=\"elementor-cta__description elementor-cta__content-item elementor-content-item\">\n\t\t\t\t\t\tD\u00e9couvrez les avantages et b\u00e9n\u00e9fices uniques que CERAN va vous apporter lors de votre parcours d'apprentissage des langues.\t\t\t\t\t<\/div>\n\t\t\t\t\n\t\t\t\t\t\t\t\t\t<div class=\"elementor-cta__button-wrapper elementor-cta__content-item elementor-content-item \">\n\t\t\t\t\t<a class=\"elementor-cta__button elementor-button elementor-size-xl\" href=\"#elementor-action%3Aaction%3Dpopup%3Aopen%26settings%3DeyJpZCI6NTc1MjcsInRvZ2dsZSI6ZmFsc2V9\">\n\t\t\t\t\t\tJe t\u00e9l\u00e9charge ma brochure\t\t\t\t\t<\/a>\n\t\t\t\t\t<\/div>\n\t\t\t\t\t\t\t<\/div>\n\t\t\t\t\t\t<\/div>\n\t\t\t\t\t\t<\/div>\n\t\t\t\t<\/div>\n\t\t\t\t\t<\/div>\n\t\t<\/div>\n\t\t\t\t\t<\/div>\n\t\t<\/section>\n\t\t\t\t<\/div>\n\t\t","protected":false},"excerpt":{"rendered":"<p>Vous aspirez \u00e0 un s\u00e9jour immersion en anglais pour perfectionner votre ma\u00eetrise de la langue ? N\u00e9anmoins, avant de r\u00e9fl\u00e9chir \u00e0 la meilleure option envisager, il est int\u00e9ressant de s\u2019inspirer du retour d\u2019exp\u00e9rience de ceux qui ont d\u00e9j\u00e0 fait l\u2019exp\u00e9rience de l\u2019immersion en anglais. Aujourd\u2019hui, focus sur le retour d\u2019exp\u00e9rience de Renaud, apr\u00e8s son s\u00e9jour en immersion au CERAN. Au menu : cours de langues, activit\u00e9s sportives, immersion linguistique.<\/p>\n","protected":false},"author":17,"featured_media":59415,"comment_status":"open","ping_status":"open","sticky":false,"template":"","format":"standard","meta":{"_acf_changed":false,"_seopress_robots_primary_cat":"1","_seopress_titles_title":"S\u00e9jour immersion anglais : cet \u00e9l\u00e8ve donne son avis sur le CERAN","_seopress_titles_desc":"Vous aspirez \u00e0 un s\u00e9jour immersion en anglais pour perfectionner la langue ? D\u00e9couvrez l'avis de Renaud, apr\u00e8s son s\u00e9jour en immersion CERAN.","_seopress_robots_index":"","content-type":"","footnotes":""},"categories":[1],"tags":[],"class_list":["post-59269","post","type-post","status-publish","format-standard","has-post-thumbnail","hentry","category-non-classifiee"],"acf":[],"yoast_head":"<!-- This site is optimized with the Yoast SEO plugin v27.4 - https:\/\/yoast.com\/product\/yoast-seo-wordpress\/ -->\n<title>S\u00e9jour immersion anglais : cet \u00e9l\u00e8ve donne son avis sur le CERAN<\/title>\n<meta name=\"description\" content=\"Vous aspirez \u00e0 un s\u00e9jour immersion en anglais pour perfectionner la langue ? D\u00e9couvrez l&#039;avis de Renaud, apr\u00e8s son s\u00e9jour en immersion CERAN.\" \/>\n<meta name=\"robots\" content=\"index, follow, max-snippet:-1, max-image-preview:large, max-video-preview:-1\" \/>\n<link rel=\"canonical\" href=\"https:\/\/www.ceran.com\/fr\/ceranlife-sinspirer-de-lhistoire-de-renaud-pour-reussir-votre-sejour-immersion-en-anglais\/\" \/>\n<meta property=\"og:locale\" content=\"fr_FR\" \/>\n<meta property=\"og:type\" content=\"article\" \/>\n<meta property=\"og:title\" content=\"S\u00e9jour immersion anglais : cet \u00e9l\u00e8ve donne son avis sur le CERAN\" \/>\n<meta property=\"og:description\" content=\"Vous aspirez \u00e0 un s\u00e9jour immersion en anglais pour perfectionner la langue ? D\u00e9couvrez l&#039;avis de Renaud, apr\u00e8s son s\u00e9jour en immersion CERAN.\" \/>\n<meta property=\"og:url\" content=\"https:\/\/www.ceran.com\/fr\/ceranlife-sinspirer-de-lhistoire-de-renaud-pour-reussir-votre-sejour-immersion-en-anglais\/\" \/>\n<meta property=\"og:site_name\" content=\"Ceran\" \/>\n<meta property=\"article:published_time\" content=\"2022-08-25T07:09:58+00:00\" \/>\n<meta property=\"article:modified_time\" content=\"2022-08-26T07:06:11+00:00\" \/>\n<meta property=\"og:image\" content=\"https:\/\/www.ceran.com\/wp-content\/uploads\/2022\/08\/sejour-immersion-ceran.jpg\" \/>\n\t<meta property=\"og:image:width\" content=\"500\" \/>\n\t<meta property=\"og:image:height\" content=\"443\" \/>\n\t<meta property=\"og:image:type\" content=\"image\/jpeg\" \/>\n<meta name=\"author\" content=\"Liliane Tairou\" \/>\n<meta name=\"twitter:card\" content=\"summary_large_image\" \/>\n<script type=\"application\/ld+json\" class=\"yoast-schema-graph\">{\"@context\":\"https:\\\/\\\/schema.org\",\"@graph\":[{\"@type\":\"Article\",\"@id\":\"https:\\\/\\\/www.ceran.com\\\/fr\\\/ceranlife-sinspirer-de-lhistoire-de-renaud-pour-reussir-votre-sejour-immersion-en-anglais\\\/#article\",\"isPartOf\":{\"@id\":\"https:\\\/\\\/www.ceran.com\\\/fr\\\/ceranlife-sinspirer-de-lhistoire-de-renaud-pour-reussir-votre-sejour-immersion-en-anglais\\\/\"},\"author\":{\"name\":\"Liliane Tairou\",\"@id\":\"https:\\\/\\\/www.ceran.com\\\/fr\\\/#\\\/schema\\\/person\\\/d4e7ade8fb414beece08051bb2f35d0e\"},\"headline\":\"#ceranlife &#8211; S&rsquo;inspirer de l&rsquo;histoire de Renaud pour r\u00e9ussir votre s\u00e9jour immersion en anglais\",\"datePublished\":\"2022-08-25T07:09:58+00:00\",\"dateModified\":\"2022-08-26T07:06:11+00:00\",\"mainEntityOfPage\":{\"@id\":\"https:\\\/\\\/www.ceran.com\\\/fr\\\/ceranlife-sinspirer-de-lhistoire-de-renaud-pour-reussir-votre-sejour-immersion-en-anglais\\\/\"},\"wordCount\":3931,\"commentCount\":0,\"publisher\":{\"@id\":\"https:\\\/\\\/www.ceran.com\\\/fr\\\/#organization\"},\"image\":{\"@id\":\"https:\\\/\\\/www.ceran.com\\\/fr\\\/ceranlife-sinspirer-de-lhistoire-de-renaud-pour-reussir-votre-sejour-immersion-en-anglais\\\/#primaryimage\"},\"thumbnailUrl\":\"https:\\\/\\\/www.ceran.com\\\/wp-content\\\/uploads\\\/2022\\\/08\\\/sejour-immersion-ceran.jpg\",\"articleSection\":[\"Non classifi\u00e9(e)\"],\"inLanguage\":\"fr-FR\",\"potentialAction\":[{\"@type\":\"CommentAction\",\"name\":\"Comment\",\"target\":[\"https:\\\/\\\/www.ceran.com\\\/fr\\\/ceranlife-sinspirer-de-lhistoire-de-renaud-pour-reussir-votre-sejour-immersion-en-anglais\\\/#respond\"]}]},{\"@type\":\"WebPage\",\"@id\":\"https:\\\/\\\/www.ceran.com\\\/fr\\\/ceranlife-sinspirer-de-lhistoire-de-renaud-pour-reussir-votre-sejour-immersion-en-anglais\\\/\",\"url\":\"https:\\\/\\\/www.ceran.com\\\/fr\\\/ceranlife-sinspirer-de-lhistoire-de-renaud-pour-reussir-votre-sejour-immersion-en-anglais\\\/\",\"name\":\"S\u00e9jour immersion anglais : cet \u00e9l\u00e8ve donne son avis sur le CERAN\",\"isPartOf\":{\"@id\":\"https:\\\/\\\/www.ceran.com\\\/fr\\\/#website\"},\"primaryImageOfPage\":{\"@id\":\"https:\\\/\\\/www.ceran.com\\\/fr\\\/ceranlife-sinspirer-de-lhistoire-de-renaud-pour-reussir-votre-sejour-immersion-en-anglais\\\/#primaryimage\"},\"image\":{\"@id\":\"https:\\\/\\\/www.ceran.com\\\/fr\\\/ceranlife-sinspirer-de-lhistoire-de-renaud-pour-reussir-votre-sejour-immersion-en-anglais\\\/#primaryimage\"},\"thumbnailUrl\":\"https:\\\/\\\/www.ceran.com\\\/wp-content\\\/uploads\\\/2022\\\/08\\\/sejour-immersion-ceran.jpg\",\"datePublished\":\"2022-08-25T07:09:58+00:00\",\"dateModified\":\"2022-08-26T07:06:11+00:00\",\"description\":\"Vous aspirez \u00e0 un s\u00e9jour immersion en anglais pour perfectionner la langue ? D\u00e9couvrez l'avis de Renaud, apr\u00e8s son s\u00e9jour en immersion CERAN.\",\"breadcrumb\":{\"@id\":\"https:\\\/\\\/www.ceran.com\\\/fr\\\/ceranlife-sinspirer-de-lhistoire-de-renaud-pour-reussir-votre-sejour-immersion-en-anglais\\\/#breadcrumb\"},\"inLanguage\":\"fr-FR\",\"potentialAction\":[{\"@type\":\"ReadAction\",\"target\":[\"https:\\\/\\\/www.ceran.com\\\/fr\\\/ceranlife-sinspirer-de-lhistoire-de-renaud-pour-reussir-votre-sejour-immersion-en-anglais\\\/\"]}]},{\"@type\":\"ImageObject\",\"inLanguage\":\"fr-FR\",\"@id\":\"https:\\\/\\\/www.ceran.com\\\/fr\\\/ceranlife-sinspirer-de-lhistoire-de-renaud-pour-reussir-votre-sejour-immersion-en-anglais\\\/#primaryimage\",\"url\":\"https:\\\/\\\/www.ceran.com\\\/wp-content\\\/uploads\\\/2022\\\/08\\\/sejour-immersion-ceran.jpg\",\"contentUrl\":\"https:\\\/\\\/www.ceran.com\\\/wp-content\\\/uploads\\\/2022\\\/08\\\/sejour-immersion-ceran.jpg\",\"width\":500,\"height\":443,\"caption\":\"s\u00e9jour immersion langue anglais\"},{\"@type\":\"BreadcrumbList\",\"@id\":\"https:\\\/\\\/www.ceran.com\\\/fr\\\/ceranlife-sinspirer-de-lhistoire-de-renaud-pour-reussir-votre-sejour-immersion-en-anglais\\\/#breadcrumb\",\"itemListElement\":[{\"@type\":\"ListItem\",\"position\":1,\"name\":\"Accueil\",\"item\":\"https:\\\/\\\/www.ceran.com\\\/fr\\\/\"},{\"@type\":\"ListItem\",\"position\":2,\"name\":\"#ceranlife &#8211; S&#8217;inspirer de l&#8217;histoire de Renaud pour r\u00e9ussir votre s\u00e9jour immersion en anglais\"}]},{\"@type\":\"WebSite\",\"@id\":\"https:\\\/\\\/www.ceran.com\\\/fr\\\/#website\",\"url\":\"https:\\\/\\\/www.ceran.com\\\/fr\\\/\",\"name\":\"Ceran\",\"description\":\"Des formations linguistiques et interculturelles qui vous ouvrent de nouveaux horizons\",\"publisher\":{\"@id\":\"https:\\\/\\\/www.ceran.com\\\/fr\\\/#organization\"},\"potentialAction\":[{\"@type\":\"SearchAction\",\"target\":{\"@type\":\"EntryPoint\",\"urlTemplate\":\"https:\\\/\\\/www.ceran.com\\\/fr\\\/?s={search_term_string}\"},\"query-input\":{\"@type\":\"PropertyValueSpecification\",\"valueRequired\":true,\"valueName\":\"search_term_string\"}}],\"inLanguage\":\"fr-FR\"},{\"@type\":\"Organization\",\"@id\":\"https:\\\/\\\/www.ceran.com\\\/fr\\\/#organization\",\"name\":\"Ceran\",\"url\":\"https:\\\/\\\/www.ceran.com\\\/fr\\\/\",\"logo\":{\"@type\":\"ImageObject\",\"inLanguage\":\"fr-FR\",\"@id\":\"https:\\\/\\\/www.ceran.com\\\/fr\\\/#\\\/schema\\\/logo\\\/image\\\/\",\"url\":\"https:\\\/\\\/www.ceran.com\\\/wp-content\\\/uploads\\\/2025\\\/06\\\/Logo-CERAN-16-x-16-pixels.svg\",\"contentUrl\":\"https:\\\/\\\/www.ceran.com\\\/wp-content\\\/uploads\\\/2025\\\/06\\\/Logo-CERAN-16-x-16-pixels.svg\",\"width\":30,\"height\":30,\"caption\":\"Ceran\"},\"image\":{\"@id\":\"https:\\\/\\\/www.ceran.com\\\/fr\\\/#\\\/schema\\\/logo\\\/image\\\/\"}},{\"@type\":\"Person\",\"@id\":\"https:\\\/\\\/www.ceran.com\\\/fr\\\/#\\\/schema\\\/person\\\/d4e7ade8fb414beece08051bb2f35d0e\",\"name\":\"Liliane Tairou\",\"image\":{\"@type\":\"ImageObject\",\"inLanguage\":\"fr-FR\",\"@id\":\"https:\\\/\\\/secure.gravatar.com\\\/avatar\\\/94ce044b29dc33dfd0c4fcdf8fba3ee60be8661a88bb3dd37f7abea2ea7f2b7d?s=96&d=mm&r=g\",\"url\":\"https:\\\/\\\/secure.gravatar.com\\\/avatar\\\/94ce044b29dc33dfd0c4fcdf8fba3ee60be8661a88bb3dd37f7abea2ea7f2b7d?s=96&d=mm&r=g\",\"contentUrl\":\"https:\\\/\\\/secure.gravatar.com\\\/avatar\\\/94ce044b29dc33dfd0c4fcdf8fba3ee60be8661a88bb3dd37f7abea2ea7f2b7d?s=96&d=mm&r=g\",\"caption\":\"Liliane Tairou\"},\"url\":\"https:\\\/\\\/www.ceran.com\\\/fr\\\/author\\\/liliane\\\/\"}]}<\/script>\n<!-- \/ Yoast SEO plugin. -->","yoast_head_json":{"title":"S\u00e9jour immersion anglais : cet \u00e9l\u00e8ve donne son avis sur le CERAN","description":"Vous aspirez \u00e0 un s\u00e9jour immersion en anglais pour perfectionner la langue ? D\u00e9couvrez l'avis de Renaud, apr\u00e8s son s\u00e9jour en immersion CERAN.","robots":{"index":"index","follow":"follow","max-snippet":"max-snippet:-1","max-image-preview":"max-image-preview:large","max-video-preview":"max-video-preview:-1"},"canonical":"https:\/\/www.ceran.com\/fr\/ceranlife-sinspirer-de-lhistoire-de-renaud-pour-reussir-votre-sejour-immersion-en-anglais\/","og_locale":"fr_FR","og_type":"article","og_title":"S\u00e9jour immersion anglais : cet \u00e9l\u00e8ve donne son avis sur le CERAN","og_description":"Vous aspirez \u00e0 un s\u00e9jour immersion en anglais pour perfectionner la langue ? D\u00e9couvrez l'avis de Renaud, apr\u00e8s son s\u00e9jour en immersion CERAN.","og_url":"https:\/\/www.ceran.com\/fr\/ceranlife-sinspirer-de-lhistoire-de-renaud-pour-reussir-votre-sejour-immersion-en-anglais\/","og_site_name":"Ceran","article_published_time":"2022-08-25T07:09:58+00:00","article_modified_time":"2022-08-26T07:06:11+00:00","og_image":[{"width":500,"height":443,"url":"https:\/\/www.ceran.com\/wp-content\/uploads\/2022\/08\/sejour-immersion-ceran.jpg","type":"image\/jpeg"}],"author":"Liliane Tairou","twitter_card":"summary_large_image","schema":{"@context":"https:\/\/schema.org","@graph":[{"@type":"Article","@id":"https:\/\/www.ceran.com\/fr\/ceranlife-sinspirer-de-lhistoire-de-renaud-pour-reussir-votre-sejour-immersion-en-anglais\/#article","isPartOf":{"@id":"https:\/\/www.ceran.com\/fr\/ceranlife-sinspirer-de-lhistoire-de-renaud-pour-reussir-votre-sejour-immersion-en-anglais\/"},"author":{"name":"Liliane Tairou","@id":"https:\/\/www.ceran.com\/fr\/#\/schema\/person\/d4e7ade8fb414beece08051bb2f35d0e"},"headline":"#ceranlife &#8211; S&rsquo;inspirer de l&rsquo;histoire de Renaud pour r\u00e9ussir votre s\u00e9jour immersion en anglais","datePublished":"2022-08-25T07:09:58+00:00","dateModified":"2022-08-26T07:06:11+00:00","mainEntityOfPage":{"@id":"https:\/\/www.ceran.com\/fr\/ceranlife-sinspirer-de-lhistoire-de-renaud-pour-reussir-votre-sejour-immersion-en-anglais\/"},"wordCount":3931,"commentCount":0,"publisher":{"@id":"https:\/\/www.ceran.com\/fr\/#organization"},"image":{"@id":"https:\/\/www.ceran.com\/fr\/ceranlife-sinspirer-de-lhistoire-de-renaud-pour-reussir-votre-sejour-immersion-en-anglais\/#primaryimage"},"thumbnailUrl":"https:\/\/www.ceran.com\/wp-content\/uploads\/2022\/08\/sejour-immersion-ceran.jpg","articleSection":["Non classifi\u00e9(e)"],"inLanguage":"fr-FR","potentialAction":[{"@type":"CommentAction","name":"Comment","target":["https:\/\/www.ceran.com\/fr\/ceranlife-sinspirer-de-lhistoire-de-renaud-pour-reussir-votre-sejour-immersion-en-anglais\/#respond"]}]},{"@type":"WebPage","@id":"https:\/\/www.ceran.com\/fr\/ceranlife-sinspirer-de-lhistoire-de-renaud-pour-reussir-votre-sejour-immersion-en-anglais\/","url":"https:\/\/www.ceran.com\/fr\/ceranlife-sinspirer-de-lhistoire-de-renaud-pour-reussir-votre-sejour-immersion-en-anglais\/","name":"S\u00e9jour immersion anglais : cet \u00e9l\u00e8ve donne son avis sur le CERAN","isPartOf":{"@id":"https:\/\/www.ceran.com\/fr\/#website"},"primaryImageOfPage":{"@id":"https:\/\/www.ceran.com\/fr\/ceranlife-sinspirer-de-lhistoire-de-renaud-pour-reussir-votre-sejour-immersion-en-anglais\/#primaryimage"},"image":{"@id":"https:\/\/www.ceran.com\/fr\/ceranlife-sinspirer-de-lhistoire-de-renaud-pour-reussir-votre-sejour-immersion-en-anglais\/#primaryimage"},"thumbnailUrl":"https:\/\/www.ceran.com\/wp-content\/uploads\/2022\/08\/sejour-immersion-ceran.jpg","datePublished":"2022-08-25T07:09:58+00:00","dateModified":"2022-08-26T07:06:11+00:00","description":"Vous aspirez \u00e0 un s\u00e9jour immersion en anglais pour perfectionner la langue ? D\u00e9couvrez l'avis de Renaud, apr\u00e8s son s\u00e9jour en immersion CERAN.","breadcrumb":{"@id":"https:\/\/www.ceran.com\/fr\/ceranlife-sinspirer-de-lhistoire-de-renaud-pour-reussir-votre-sejour-immersion-en-anglais\/#breadcrumb"},"inLanguage":"fr-FR","potentialAction":[{"@type":"ReadAction","target":["https:\/\/www.ceran.com\/fr\/ceranlife-sinspirer-de-lhistoire-de-renaud-pour-reussir-votre-sejour-immersion-en-anglais\/"]}]},{"@type":"ImageObject","inLanguage":"fr-FR","@id":"https:\/\/www.ceran.com\/fr\/ceranlife-sinspirer-de-lhistoire-de-renaud-pour-reussir-votre-sejour-immersion-en-anglais\/#primaryimage","url":"https:\/\/www.ceran.com\/wp-content\/uploads\/2022\/08\/sejour-immersion-ceran.jpg","contentUrl":"https:\/\/www.ceran.com\/wp-content\/uploads\/2022\/08\/sejour-immersion-ceran.jpg","width":500,"height":443,"caption":"s\u00e9jour immersion langue anglais"},{"@type":"BreadcrumbList","@id":"https:\/\/www.ceran.com\/fr\/ceranlife-sinspirer-de-lhistoire-de-renaud-pour-reussir-votre-sejour-immersion-en-anglais\/#breadcrumb","itemListElement":[{"@type":"ListItem","position":1,"name":"Accueil","item":"https:\/\/www.ceran.com\/fr\/"},{"@type":"ListItem","position":2,"name":"#ceranlife &#8211; S&#8217;inspirer de l&#8217;histoire de Renaud pour r\u00e9ussir votre s\u00e9jour immersion en anglais"}]},{"@type":"WebSite","@id":"https:\/\/www.ceran.com\/fr\/#website","url":"https:\/\/www.ceran.com\/fr\/","name":"Ceran","description":"Des formations linguistiques et interculturelles qui vous ouvrent de nouveaux horizons","publisher":{"@id":"https:\/\/www.ceran.com\/fr\/#organization"},"potentialAction":[{"@type":"SearchAction","target":{"@type":"EntryPoint","urlTemplate":"https:\/\/www.ceran.com\/fr\/?s={search_term_string}"},"query-input":{"@type":"PropertyValueSpecification","valueRequired":true,"valueName":"search_term_string"}}],"inLanguage":"fr-FR"},{"@type":"Organization","@id":"https:\/\/www.ceran.com\/fr\/#organization","name":"Ceran","url":"https:\/\/www.ceran.com\/fr\/","logo":{"@type":"ImageObject","inLanguage":"fr-FR","@id":"https:\/\/www.ceran.com\/fr\/#\/schema\/logo\/image\/","url":"https:\/\/www.ceran.com\/wp-content\/uploads\/2025\/06\/Logo-CERAN-16-x-16-pixels.svg","contentUrl":"https:\/\/www.ceran.com\/wp-content\/uploads\/2025\/06\/Logo-CERAN-16-x-16-pixels.svg","width":30,"height":30,"caption":"Ceran"},"image":{"@id":"https:\/\/www.ceran.com\/fr\/#\/schema\/logo\/image\/"}},{"@type":"Person","@id":"https:\/\/www.ceran.com\/fr\/#\/schema\/person\/d4e7ade8fb414beece08051bb2f35d0e","name":"Liliane Tairou","image":{"@type":"ImageObject","inLanguage":"fr-FR","@id":"https:\/\/secure.gravatar.com\/avatar\/94ce044b29dc33dfd0c4fcdf8fba3ee60be8661a88bb3dd37f7abea2ea7f2b7d?s=96&d=mm&r=g","url":"https:\/\/secure.gravatar.com\/avatar\/94ce044b29dc33dfd0c4fcdf8fba3ee60be8661a88bb3dd37f7abea2ea7f2b7d?s=96&d=mm&r=g","contentUrl":"https:\/\/secure.gravatar.com\/avatar\/94ce044b29dc33dfd0c4fcdf8fba3ee60be8661a88bb3dd37f7abea2ea7f2b7d?s=96&d=mm&r=g","caption":"Liliane Tairou"},"url":"https:\/\/www.ceran.com\/fr\/author\/liliane\/"}]}},"_links":{"self":[{"href":"https:\/\/www.ceran.com\/fr\/wp-json\/wp\/v2\/posts\/59269","targetHints":{"allow":["GET"]}}],"collection":[{"href":"https:\/\/www.ceran.com\/fr\/wp-json\/wp\/v2\/posts"}],"about":[{"href":"https:\/\/www.ceran.com\/fr\/wp-json\/wp\/v2\/types\/post"}],"author":[{"embeddable":true,"href":"https:\/\/www.ceran.com\/fr\/wp-json\/wp\/v2\/users\/17"}],"replies":[{"embeddable":true,"href":"https:\/\/www.ceran.com\/fr\/wp-json\/wp\/v2\/comments?post=59269"}],"version-history":[{"count":5,"href":"https:\/\/www.ceran.com\/fr\/wp-json\/wp\/v2\/posts\/59269\/revisions"}],"predecessor-version":[{"id":59525,"href":"https:\/\/www.ceran.com\/fr\/wp-json\/wp\/v2\/posts\/59269\/revisions\/59525"}],"wp:featuredmedia":[{"embeddable":true,"href":"https:\/\/www.ceran.com\/fr\/wp-json\/wp\/v2\/media\/59415"}],"wp:attachment":[{"href":"https:\/\/www.ceran.com\/fr\/wp-json\/wp\/v2\/media?parent=59269"}],"wp:term":[{"taxonomy":"category","embeddable":true,"href":"https:\/\/www.ceran.com\/fr\/wp-json\/wp\/v2\/categories?post=59269"},{"taxonomy":"post_tag","embeddable":true,"href":"https:\/\/www.ceran.com\/fr\/wp-json\/wp\/v2\/tags?post=59269"}],"curies":[{"name":"wp","href":"https:\/\/api.w.org\/{rel}","templated":true}]}}