{"id":60416,"date":"2022-09-05T09:33:38","date_gmt":"2022-09-05T07:33:38","guid":{"rendered":"https:\/\/www.ceran.com\/?p=60416"},"modified":"2022-09-06T09:38:48","modified_gmt":"2022-09-06T07:38:48","slug":"ceranlife-pierre-apres-son-sejour-en-neerlandais-immersif-cest-la-plus-grande-difference-avec-beaucoup-dautres-alternatives-que-jai-essayees","status":"publish","type":"post","link":"https:\/\/www.ceran.com\/fr\/ceranlife-pierre-apres-son-sejour-en-neerlandais-immersif-cest-la-plus-grande-difference-avec-beaucoup-dautres-alternatives-que-jai-essayees\/","title":{"rendered":"#CERANLIFE\u00a0:\u00a0 Pierre, apr\u00e8s son s\u00e9jour en n\u00e9erlandais : \u00ab\u00a0Immersif ! C&rsquo;est la plus grande diff\u00e9rence avec beaucoup d&rsquo;autres alternatives que j\u2019ai essay\u00e9es\u00a0\u00bb"},"content":{"rendered":"\t\t<div data-elementor-type=\"wp-post\" data-elementor-id=\"60416\" class=\"elementor elementor-60416\" data-elementor-post-type=\"post\">\n\t\t\t\t\t\t<section class=\"elementor-section elementor-top-section elementor-element elementor-element-dff99b6 elementor-section-content-middle elementor-section-full_width elementor-section-height-min-height elementor-section-height-default elementor-section-items-middle\" data-id=\"dff99b6\" data-element_type=\"section\" data-e-type=\"section\" data-settings=\"{&quot;background_background&quot;:&quot;classic&quot;}\">\n\t\t\t\t\t\t\t<div class=\"elementor-background-overlay\"><\/div>\n\t\t\t\t\t\t\t<div class=\"elementor-container elementor-column-gap-no\">\n\t\t\t\t\t<div class=\"elementor-column elementor-col-100 elementor-top-column elementor-element elementor-element-ed43581\" data-id=\"ed43581\" data-element_type=\"column\" data-e-type=\"column\">\n\t\t\t<div class=\"elementor-widget-wrap elementor-element-populated\">\n\t\t\t\t\t\t<div class=\"elementor-element elementor-element-002c9e6 elementor-widget elementor-widget-spacer\" data-id=\"002c9e6\" data-element_type=\"widget\" data-e-type=\"widget\" data-widget_type=\"spacer.default\">\n\t\t\t\t<div class=\"elementor-widget-container\">\n\t\t\t\t\t\t\t<div class=\"elementor-spacer\">\n\t\t\t<div class=\"elementor-spacer-inner\"><\/div>\n\t\t<\/div>\n\t\t\t\t\t\t<\/div>\n\t\t\t\t<\/div>\n\t\t\t\t<div class=\"elementor-element elementor-element-87f7ccd elementor-widget elementor-widget-text-editor\" data-id=\"87f7ccd\" data-element_type=\"widget\" data-e-type=\"widget\" data-widget_type=\"text-editor.default\">\n\t\t\t\t<div class=\"elementor-widget-container\">\n\t\t\t\t\t\t\t\t\t<h1><strong>#CERANLIFE\u00a0:\u00a0 Pierre, apr\u00e8s son s\u00e9jour en n\u00e9erlandais : <em>\u00ab\u00a0Immersif ! C&rsquo;est la plus grande diff\u00e9rence avec beaucoup d&rsquo;autres alternatives que j\u2019ai essay\u00e9es\u00a0\u00bb<\/em><\/strong><\/h1>\t\t\t\t\t\t\t\t<\/div>\n\t\t\t\t<\/div>\n\t\t\t\t\t<\/div>\n\t\t<\/div>\n\t\t\t\t\t<\/div>\n\t\t<\/section>\n\t\t\t\t<section class=\"elementor-section elementor-top-section elementor-element elementor-element-34c807f elementor-section-boxed elementor-section-height-default elementor-section-height-default\" data-id=\"34c807f\" data-element_type=\"section\" data-e-type=\"section\">\n\t\t\t\t\t\t<div class=\"elementor-container elementor-column-gap-default\">\n\t\t\t\t\t<div class=\"elementor-column elementor-col-100 elementor-top-column elementor-element elementor-element-94b883d\" data-id=\"94b883d\" data-element_type=\"column\" data-e-type=\"column\">\n\t\t\t<div class=\"elementor-widget-wrap elementor-element-populated\">\n\t\t\t\t\t\t<div class=\"elementor-element elementor-element-bb019c3 elementor-widget elementor-widget-spacer\" data-id=\"bb019c3\" data-element_type=\"widget\" data-e-type=\"widget\" data-widget_type=\"spacer.default\">\n\t\t\t\t<div class=\"elementor-widget-container\">\n\t\t\t\t\t\t\t<div class=\"elementor-spacer\">\n\t\t\t<div class=\"elementor-spacer-inner\"><\/div>\n\t\t<\/div>\n\t\t\t\t\t\t<\/div>\n\t\t\t\t<\/div>\n\t\t\t\t<div class=\"elementor-element elementor-element-809a835 elementor-widget elementor-widget-text-editor\" data-id=\"809a835\" data-element_type=\"widget\" data-e-type=\"widget\" data-widget_type=\"text-editor.default\">\n\t\t\t\t<div class=\"elementor-widget-container\">\n\t\t\t\t\t\t\t\t\t<p>De nombreuses personnes pensent qu\u2019apprendre le n\u00e9erlandais n&rsquo;est pas facile, et la plupart se sentent d\u00e9courag\u00e9es et bloqu\u00e9es dans le processus d\u2019apprentissage apr\u00e8s plusieurs tentatives. Dans cet article d\u00e9couvrez comment Pierre, \u00e9tudiant en \u00e9cole de commerce Solvay, a r\u00e9ussi \u00e0 se remettre \u00e0 niveau au CERAN pour bien pr\u00e9parer ses examens oraux, gr\u00e2ce \u00e0 son <strong>s\u00e9jour immersion n\u00e9erlandais au CERAN <\/strong>!<\/p>\t\t\t\t\t\t\t\t<\/div>\n\t\t\t\t<\/div>\n\t\t\t\t<div class=\"elementor-element elementor-element-4d6bf0e elementor-widget elementor-widget-heading\" data-id=\"4d6bf0e\" data-element_type=\"widget\" data-e-type=\"widget\" data-widget_type=\"heading.default\">\n\t\t\t\t<div class=\"elementor-widget-container\">\n\t\t\t\t\t<h1 class=\"elementor-heading-title elementor-size-default\">Pouvez-vous vous pr\u00e9senter en quelques mots ?<\/h1>\t\t\t\t<\/div>\n\t\t\t\t<\/div>\n\t\t\t\t<div class=\"elementor-element elementor-element-f2f4847 elementor-widget elementor-widget-text-editor\" data-id=\"f2f4847\" data-element_type=\"widget\" data-e-type=\"widget\" data-widget_type=\"text-editor.default\">\n\t\t\t\t<div class=\"elementor-widget-container\">\n\t\t\t\t\t\t\t\t\t<p>Je m&rsquo;appelle Pierre, j&rsquo;ai 22 ans, je suis \u00e9tudiant \u00e0 Bruxelles, \u00e0 l&rsquo;\u00e9cole de commerce Solvay.<\/p>\t\t\t\t\t\t\t\t<\/div>\n\t\t\t\t<\/div>\n\t\t\t\t<div class=\"elementor-element elementor-element-d1711da elementor-widget elementor-widget-heading\" data-id=\"d1711da\" data-element_type=\"widget\" data-e-type=\"widget\" data-widget_type=\"heading.default\">\n\t\t\t\t<div class=\"elementor-widget-container\">\n\t\t\t\t\t<h2 class=\"elementor-heading-title elementor-size-default\">Qu'est-ce qui vous am\u00e8ne au CERAN ?<\/h2>\t\t\t\t<\/div>\n\t\t\t\t<\/div>\n\t\t\t\t<div class=\"elementor-element elementor-element-f77153a elementor-widget elementor-widget-text-editor\" data-id=\"f77153a\" data-element_type=\"widget\" data-e-type=\"widget\" data-widget_type=\"text-editor.default\">\n\t\t\t\t<div class=\"elementor-widget-container\">\n\t\t\t\t\t\t\t\t\t<p>Je suis un <strong>s\u00e9jour immersion n\u00e9erlandais<\/strong> au CERAN pour apprendre le n\u00e9erlandais en vue de mes prochains examens oraux et de ma future carri\u00e8re professionnelle dans laquelle \u00e7a pourrait \u00eatre utile<\/p>\t\t\t\t\t\t\t\t<\/div>\n\t\t\t\t<\/div>\n\t\t\t\t<div class=\"elementor-element elementor-element-fa9ae39 elementor-widget elementor-widget-video\" data-id=\"fa9ae39\" data-element_type=\"widget\" data-e-type=\"widget\" data-settings=\"{&quot;youtube_url&quot;:&quot;https:\\\/\\\/www.youtube.com\\\/watch?v=9Y_pSRvFaMo&quot;,&quot;video_type&quot;:&quot;youtube&quot;,&quot;controls&quot;:&quot;yes&quot;}\" data-widget_type=\"video.default\">\n\t\t\t\t<div class=\"elementor-widget-container\">\n\t\t\t\t\t\t\t<div class=\"elementor-wrapper elementor-open-inline\">\n\t\t\t<div class=\"elementor-video\"><\/div>\t\t<\/div>\n\t\t\t\t\t\t<\/div>\n\t\t\t\t<\/div>\n\t\t\t\t<div class=\"elementor-element elementor-element-36bb23d elementor-widget elementor-widget-spacer\" data-id=\"36bb23d\" data-element_type=\"widget\" data-e-type=\"widget\" data-widget_type=\"spacer.default\">\n\t\t\t\t<div class=\"elementor-widget-container\">\n\t\t\t\t\t\t\t<div class=\"elementor-spacer\">\n\t\t\t<div class=\"elementor-spacer-inner\"><\/div>\n\t\t<\/div>\n\t\t\t\t\t\t<\/div>\n\t\t\t\t<\/div>\n\t\t\t\t<div class=\"elementor-element elementor-element-53c63ce elementor-widget elementor-widget-heading\" data-id=\"53c63ce\" data-element_type=\"widget\" data-e-type=\"widget\" data-widget_type=\"heading.default\">\n\t\t\t\t<div class=\"elementor-widget-container\">\n\t\t\t\t\t<h2 class=\"elementor-heading-title elementor-size-default\">Comment et pourquoi avez-vous choisi le CERAN ?<\/h2>\t\t\t\t<\/div>\n\t\t\t\t<\/div>\n\t\t\t\t<div class=\"elementor-element elementor-element-ed819e7 elementor-widget elementor-widget-text-editor\" data-id=\"ed819e7\" data-element_type=\"widget\" data-e-type=\"widget\" data-widget_type=\"text-editor.default\">\n\t\t\t\t<div class=\"elementor-widget-container\">\n\t\t\t\t\t\t\t\t\t<p>Immersif ! Je pense que c&rsquo;est la plus grande diff\u00e9rence avec beaucoup d&rsquo;autres alternatives que j\u2019ai pu essayer. On se retrouve durant ce <strong>s\u00e9jour immersion n\u00e9erlandais,<\/strong> pendant une semaine, \u00e0 parler avec des gens qui ne parlent que n\u00e9erlandais. Les professeurs, en tout cas, le personnel n&rsquo;essaie m\u00eame pas ou ne parlent g\u00e9n\u00e9ralement pas le fran\u00e7ais, ou en tout cas pas avec nous.<\/p><p>Et on finit en fait m\u00eame entre nous par parler n\u00e9erlandais en permanence, que ce soit autour de l&rsquo;ap\u00e9ro, en train de jouer au tennis, on va compter les points en n\u00e9erlandais. Ce n\u2019est pas toujours tr\u00e8s glorieux, mais \u00e7a s&rsquo;am\u00e9liore un peu de jour en jour.<\/p>\t\t\t\t\t\t\t\t<\/div>\n\t\t\t\t<\/div>\n\t\t\t\t<div class=\"elementor-element elementor-element-5496d75 elementor-widget elementor-widget-heading\" data-id=\"5496d75\" data-element_type=\"widget\" data-e-type=\"widget\" data-widget_type=\"heading.default\">\n\t\t\t\t<div class=\"elementor-widget-container\">\n\t\t\t\t\t<h2 class=\"elementor-heading-title elementor-size-default\">Une anecdote, un temps fort de votre s\u00e9jour au CERAN ?<\/h2>\t\t\t\t<\/div>\n\t\t\t\t<\/div>\n\t\t\t\t<div class=\"elementor-element elementor-element-10dd476 elementor-widget elementor-widget-text-editor\" data-id=\"10dd476\" data-element_type=\"widget\" data-e-type=\"widget\" data-widget_type=\"text-editor.default\">\n\t\t\t\t<div class=\"elementor-widget-container\">\n\t\t\t\t\t\t\t\t\t<p>Si je raconte une anecdote en lien avec les langues, c&rsquo;est peut-\u00eatre ma tentative d&rsquo;expliquer les bapt\u00eames \u00e9tudiants \u00e0 Bruxelles en n\u00e9erlandais. Beaucoup de vocabulaire qui m&rsquo;\u00e9taient inconnu et je ne suis toujours pas s\u00fbr que tout le monde m\u2019ait compris.<\/p><p>Et une anecdote \u00e0 part, c&rsquo;est les nombreux matchs de tennis qu&rsquo;on a pu disputer et qui ont \u00e9t\u00e9 sources de bien de d\u00e9bats.<\/p>\t\t\t\t\t\t\t\t<\/div>\n\t\t\t\t<\/div>\n\t\t\t\t<div class=\"elementor-element elementor-element-b1012be elementor-widget elementor-widget-heading\" data-id=\"b1012be\" data-element_type=\"widget\" data-e-type=\"widget\" data-widget_type=\"heading.default\">\n\t\t\t\t<div class=\"elementor-widget-container\">\n\t\t\t\t\t<h2 class=\"elementor-heading-title elementor-size-default\">Pour vous, le CERAN en un mot (ou deux), c'est...<\/h2>\t\t\t\t<\/div>\n\t\t\t\t<\/div>\n\t\t\t\t<div class=\"elementor-element elementor-element-2f74c11 elementor-widget elementor-widget-text-editor\" data-id=\"2f74c11\" data-element_type=\"widget\" data-e-type=\"widget\" data-widget_type=\"text-editor.default\">\n\t\t\t\t<div class=\"elementor-widget-container\">\n\t\t\t\t\t\t\t\t\t<div><span style=\"font-weight: bolder;\">Excellence. Bienveillance et exigence<\/span>. Ok, cela fait trois mots, mais je suis de nature expansive, vous savez (rire de Juan Maria).<\/div><div><p>Plus s\u00e9rieusement\u2026\u00a0<\/p><p>Quand je me suis immerg\u00e9 dans mon apprentissage du fran\u00e7ais au CERAN, j\u2019ai pris la mesure de l\u2019excellence de sa m\u00e9thode d\u2019apprentissage. Tr\u00e8s vite, j\u2019ai progress\u00e9 en fran\u00e7ais. Surtout dans la ma\u00eetrise de la grammaire et des expressions.<\/p><\/div><div>Aussi, les professeurs de fran\u00e7ais\u00a0<span style=\"font-weight: bolder;\">\u00e9taient \u00e0 la fois tr\u00e8s sympathique<\/span>s, tout en \u00e9tant\u00a0<span style=\"font-weight: bolder;\">exigeants.<\/span>\u00a0La formule gagnante \u00e0 mes yeux pour progresser rapidement dans l&rsquo;apprentissage d\u2019une langue.<\/div>\t\t\t\t\t\t\t\t<\/div>\n\t\t\t\t<\/div>\n\t\t\t\t<div class=\"elementor-element elementor-element-3840c34 elementor-widget elementor-widget-heading\" data-id=\"3840c34\" data-element_type=\"widget\" data-e-type=\"widget\" data-widget_type=\"heading.default\">\n\t\t\t\t<div class=\"elementor-widget-container\">\n\t\t\t\t\t<h2 class=\"elementor-heading-title elementor-size-default\">Conclusion<\/h2>\t\t\t\t<\/div>\n\t\t\t\t<\/div>\n\t\t\t\t<div class=\"elementor-element elementor-element-8f6e3b3 elementor-widget elementor-widget-text-editor\" data-id=\"8f6e3b3\" data-element_type=\"widget\" data-e-type=\"widget\" data-widget_type=\"text-editor.default\">\n\t\t\t\t<div class=\"elementor-widget-container\">\n\t\t\t\t\t\t\t\t\t<p>Merci \u00e0 Pierre, d\u2019avoir partag\u00e9 avec nous son exp\u00e9rience d\u2019immersion au CERAN.<\/p><p>Si comme Pierre, avant son s\u00e9jour immersion n\u00e9erlandais au CERAN, vous avez envie d\u2019<strong>am\u00e9liorer rapidement vos comp\u00e9tences dans la langue<\/strong>, mais vous ne savez pas comment vous y prendre ?<\/p><p>Comme lui, nous pouvons vous aider \u00e0 atteindre votre objectif. Au CERAN nos cours d&rsquo;apprentissage en immersion sont sp\u00e9cialement con\u00e7us pour r\u00e9pondre \u00e0 vos besoins. <strong>Les formateurs du CERAN adaptent les programmes en fonction de vos projets,<\/strong> vos int\u00e9r\u00eats, votre domaine d\u2019activit\u00e9 et plus encore.<\/p><p>D\u00e9couvrez-en plus sur nos formations et immersions linguistiques en <span style=\"text-decoration: underline;\"><strong><a href=\"https:\/\/www.ceran.com\/fr\/brochure-professionnels-2022-offerte\/\">t\u00e9l\u00e9chargeant notre nouvelle brochure 2022.<\/a><\/strong><\/span> \u00a0<\/p>\t\t\t\t\t\t\t\t<\/div>\n\t\t\t\t<\/div>\n\t\t\t\t\t<\/div>\n\t\t<\/div>\n\t\t\t\t\t<\/div>\n\t\t<\/section>\n\t\t\t\t<section class=\"elementor-section elementor-top-section elementor-element elementor-element-b86811c elementor-section-boxed elementor-section-height-default elementor-section-height-default\" data-id=\"b86811c\" data-element_type=\"section\" data-e-type=\"section\">\n\t\t\t\t\t\t<div class=\"elementor-container elementor-column-gap-default\">\n\t\t\t\t\t<div class=\"elementor-column elementor-col-100 elementor-top-column elementor-element elementor-element-485d4e4\" data-id=\"485d4e4\" data-element_type=\"column\" data-e-type=\"column\">\n\t\t\t<div class=\"elementor-widget-wrap elementor-element-populated\">\n\t\t\t\t\t\t<div class=\"elementor-element elementor-element-7dbf011 elementor-cta--skin-classic elementor-animated-content elementor-bg-transform elementor-bg-transform-zoom-in elementor-widget elementor-widget-call-to-action\" data-id=\"7dbf011\" data-element_type=\"widget\" data-e-type=\"widget\" data-widget_type=\"call-to-action.default\">\n\t\t\t\t<div class=\"elementor-widget-container\">\n\t\t\t\t\t\t\t<div class=\"elementor-cta\">\n\t\t\t\t\t<div class=\"elementor-cta__bg-wrapper\">\n\t\t\t\t<div class=\"elementor-cta__bg elementor-bg\" style=\"background-image: url(https:\/\/www.ceran.com\/wp-content\/uploads\/2022\/05\/immersion_Pro_Table.jpg);\" role=\"img\" aria-label=\"apprendre l&#039;allemand\"><\/div>\n\t\t\t\t<div class=\"elementor-cta__bg-overlay\"><\/div>\n\t\t\t<\/div>\n\t\t\t\t\t\t\t<div class=\"elementor-cta__content\">\n\t\t\t\t\n\t\t\t\t\t\t\t\t\t<h2 class=\"elementor-cta__title elementor-cta__content-item elementor-content-item\">\n\t\t\t\t\t\tT\u00e9l\u00e9chargez votre brochure\t\t\t\t\t<\/h2>\n\t\t\t\t\n\t\t\t\t\t\t\t\t\t<div class=\"elementor-cta__description elementor-cta__content-item elementor-content-item\">\n\t\t\t\t\t\tD\u00e9couvrez les avantages et b\u00e9n\u00e9fices uniques que CERAN va vous apporter lors de votre parcours d'apprentissage des langues.\t\t\t\t\t<\/div>\n\t\t\t\t\n\t\t\t\t\t\t\t\t\t<div class=\"elementor-cta__button-wrapper elementor-cta__content-item elementor-content-item \">\n\t\t\t\t\t<a class=\"elementor-cta__button elementor-button elementor-size-xl\" href=\"#elementor-action%3Aaction%3Dpopup%3Aopen%26settings%3DeyJpZCI6NTc1MjcsInRvZ2dsZSI6ZmFsc2V9\">\n\t\t\t\t\t\tJe t\u00e9l\u00e9charge ma brochure\t\t\t\t\t<\/a>\n\t\t\t\t\t<\/div>\n\t\t\t\t\t\t\t<\/div>\n\t\t\t\t\t\t<\/div>\n\t\t\t\t\t\t<\/div>\n\t\t\t\t<\/div>\n\t\t\t\t\t<\/div>\n\t\t<\/div>\n\t\t\t\t\t<\/div>\n\t\t<\/section>\n\t\t\t\t<\/div>\n\t\t","protected":false},"excerpt":{"rendered":"<p>De nombreuses personnes pensent qu\u2019apprendre le n\u00e9erlandais n&rsquo;est pas facile, et la plupart se sentent d\u00e9courag\u00e9es et bloqu\u00e9es dans le processus d\u2019apprentissage apr\u00e8s plusieurs tentatives.<\/p>\n<p>Dans cet article d\u00e9couvrez comment Pierre, \u00e9tudiant en \u00e9cole de commerce Solvay, a r\u00e9ussi \u00e0 se remettre \u00e0 niveau au CERAN pour bien pr\u00e9parer ses examens oraux, gr\u00e2ce \u00e0 son s\u00e9jour immersion n\u00e9erlandais au CERAN !<\/p>\n","protected":false},"author":17,"featured_media":60561,"comment_status":"open","ping_status":"open","sticky":false,"template":"","format":"standard","meta":{"_acf_changed":false,"_seopress_robots_primary_cat":"95","_seopress_titles_title":"S\u00e9jour linguistique en n\u00e9erlandais: la solution rapide et efficace","_seopress_titles_desc":"De nombreuses personnes pensent qu\u2019apprendre le n\u00e9erlandais n'est pas facile, et la plupart se sentent d\u00e9courag\u00e9es et bloqu\u00e9es dans le processus d\u2019apprentissage apr\u00e8s plusieurs tentatives.","_seopress_robots_index":"","content-type":"","footnotes":""},"categories":[95,1],"tags":[],"class_list":["post-60416","post","type-post","status-publish","format-standard","has-post-thumbnail","hentry","category-ceranlife","category-non-classifiee"],"acf":[],"yoast_head":"<!-- This site is optimized with the Yoast SEO plugin v27.4 - https:\/\/yoast.com\/product\/yoast-seo-wordpress\/ -->\n<title>S\u00e9jour linguistique en n\u00e9erlandais: la solution rapide et efficace<\/title>\n<meta name=\"description\" content=\"De nombreuses personnes pensent qu\u2019apprendre le n\u00e9erlandais n&#039;est pas facile, et la plupart se sentent d\u00e9courag\u00e9es et bloqu\u00e9es dans le processus d\u2019apprentissage apr\u00e8s plusieurs tentatives.\" \/>\n<meta name=\"robots\" content=\"index, follow, max-snippet:-1, max-image-preview:large, max-video-preview:-1\" \/>\n<link rel=\"canonical\" href=\"https:\/\/www.ceran.com\/fr\/ceranlife-pierre-apres-son-sejour-en-neerlandais-immersif-cest-la-plus-grande-difference-avec-beaucoup-dautres-alternatives-que-jai-essayees\/\" \/>\n<meta property=\"og:locale\" content=\"fr_FR\" \/>\n<meta property=\"og:type\" content=\"article\" \/>\n<meta property=\"og:title\" content=\"S\u00e9jour linguistique en n\u00e9erlandais: la solution rapide et efficace\" \/>\n<meta property=\"og:description\" content=\"De nombreuses personnes pensent qu\u2019apprendre le n\u00e9erlandais n&#039;est pas facile, et la plupart se sentent d\u00e9courag\u00e9es et bloqu\u00e9es dans le processus d\u2019apprentissage apr\u00e8s plusieurs tentatives.\" \/>\n<meta property=\"og:url\" content=\"https:\/\/www.ceran.com\/fr\/ceranlife-pierre-apres-son-sejour-en-neerlandais-immersif-cest-la-plus-grande-difference-avec-beaucoup-dautres-alternatives-que-jai-essayees\/\" \/>\n<meta property=\"og:site_name\" content=\"Ceran\" \/>\n<meta property=\"article:published_time\" content=\"2022-09-05T07:33:38+00:00\" \/>\n<meta property=\"article:modified_time\" content=\"2022-09-06T07:38:48+00:00\" \/>\n<meta property=\"og:image\" content=\"https:\/\/www.ceran.com\/wp-content\/uploads\/2022\/09\/talk-Fond-decran-dordinateur.jpg\" \/>\n\t<meta property=\"og:image:width\" content=\"1920\" \/>\n\t<meta property=\"og:image:height\" content=\"1080\" \/>\n\t<meta property=\"og:image:type\" content=\"image\/jpeg\" \/>\n<meta name=\"author\" content=\"Liliane Tairou\" \/>\n<meta name=\"twitter:card\" content=\"summary_large_image\" \/>\n<script type=\"application\/ld+json\" class=\"yoast-schema-graph\">{\"@context\":\"https:\\\/\\\/schema.org\",\"@graph\":[{\"@type\":\"Article\",\"@id\":\"https:\\\/\\\/www.ceran.com\\\/fr\\\/ceranlife-pierre-apres-son-sejour-en-neerlandais-immersif-cest-la-plus-grande-difference-avec-beaucoup-dautres-alternatives-que-jai-essayees\\\/#article\",\"isPartOf\":{\"@id\":\"https:\\\/\\\/www.ceran.com\\\/fr\\\/ceranlife-pierre-apres-son-sejour-en-neerlandais-immersif-cest-la-plus-grande-difference-avec-beaucoup-dautres-alternatives-que-jai-essayees\\\/\"},\"author\":{\"name\":\"Liliane Tairou\",\"@id\":\"https:\\\/\\\/www.ceran.com\\\/fr\\\/#\\\/schema\\\/person\\\/d4e7ade8fb414beece08051bb2f35d0e\"},\"headline\":\"#CERANLIFE\u00a0:\u00a0 Pierre, apr\u00e8s son s\u00e9jour en n\u00e9erlandais : \u00ab\u00a0Immersif ! C&rsquo;est la plus grande diff\u00e9rence avec beaucoup d&rsquo;autres alternatives que j\u2019ai essay\u00e9es\u00a0\u00bb\",\"datePublished\":\"2022-09-05T07:33:38+00:00\",\"dateModified\":\"2022-09-06T07:38:48+00:00\",\"mainEntityOfPage\":{\"@id\":\"https:\\\/\\\/www.ceran.com\\\/fr\\\/ceranlife-pierre-apres-son-sejour-en-neerlandais-immersif-cest-la-plus-grande-difference-avec-beaucoup-dautres-alternatives-que-jai-essayees\\\/\"},\"wordCount\":660,\"commentCount\":0,\"publisher\":{\"@id\":\"https:\\\/\\\/www.ceran.com\\\/fr\\\/#organization\"},\"image\":{\"@id\":\"https:\\\/\\\/www.ceran.com\\\/fr\\\/ceranlife-pierre-apres-son-sejour-en-neerlandais-immersif-cest-la-plus-grande-difference-avec-beaucoup-dautres-alternatives-que-jai-essayees\\\/#primaryimage\"},\"thumbnailUrl\":\"https:\\\/\\\/www.ceran.com\\\/wp-content\\\/uploads\\\/2022\\\/09\\\/talk-Fond-decran-dordinateur.jpg\",\"articleSection\":[\"#Ceranlife\",\"Non classifi\u00e9(e)\"],\"inLanguage\":\"fr-FR\",\"potentialAction\":[{\"@type\":\"CommentAction\",\"name\":\"Comment\",\"target\":[\"https:\\\/\\\/www.ceran.com\\\/fr\\\/ceranlife-pierre-apres-son-sejour-en-neerlandais-immersif-cest-la-plus-grande-difference-avec-beaucoup-dautres-alternatives-que-jai-essayees\\\/#respond\"]}]},{\"@type\":\"WebPage\",\"@id\":\"https:\\\/\\\/www.ceran.com\\\/fr\\\/ceranlife-pierre-apres-son-sejour-en-neerlandais-immersif-cest-la-plus-grande-difference-avec-beaucoup-dautres-alternatives-que-jai-essayees\\\/\",\"url\":\"https:\\\/\\\/www.ceran.com\\\/fr\\\/ceranlife-pierre-apres-son-sejour-en-neerlandais-immersif-cest-la-plus-grande-difference-avec-beaucoup-dautres-alternatives-que-jai-essayees\\\/\",\"name\":\"S\u00e9jour linguistique en n\u00e9erlandais: la solution rapide et efficace\",\"isPartOf\":{\"@id\":\"https:\\\/\\\/www.ceran.com\\\/fr\\\/#website\"},\"primaryImageOfPage\":{\"@id\":\"https:\\\/\\\/www.ceran.com\\\/fr\\\/ceranlife-pierre-apres-son-sejour-en-neerlandais-immersif-cest-la-plus-grande-difference-avec-beaucoup-dautres-alternatives-que-jai-essayees\\\/#primaryimage\"},\"image\":{\"@id\":\"https:\\\/\\\/www.ceran.com\\\/fr\\\/ceranlife-pierre-apres-son-sejour-en-neerlandais-immersif-cest-la-plus-grande-difference-avec-beaucoup-dautres-alternatives-que-jai-essayees\\\/#primaryimage\"},\"thumbnailUrl\":\"https:\\\/\\\/www.ceran.com\\\/wp-content\\\/uploads\\\/2022\\\/09\\\/talk-Fond-decran-dordinateur.jpg\",\"datePublished\":\"2022-09-05T07:33:38+00:00\",\"dateModified\":\"2022-09-06T07:38:48+00:00\",\"description\":\"De nombreuses personnes pensent qu\u2019apprendre le n\u00e9erlandais n'est pas facile, et la plupart se sentent d\u00e9courag\u00e9es et bloqu\u00e9es dans le processus d\u2019apprentissage apr\u00e8s plusieurs tentatives.\",\"breadcrumb\":{\"@id\":\"https:\\\/\\\/www.ceran.com\\\/fr\\\/ceranlife-pierre-apres-son-sejour-en-neerlandais-immersif-cest-la-plus-grande-difference-avec-beaucoup-dautres-alternatives-que-jai-essayees\\\/#breadcrumb\"},\"inLanguage\":\"fr-FR\",\"potentialAction\":[{\"@type\":\"ReadAction\",\"target\":[\"https:\\\/\\\/www.ceran.com\\\/fr\\\/ceranlife-pierre-apres-son-sejour-en-neerlandais-immersif-cest-la-plus-grande-difference-avec-beaucoup-dautres-alternatives-que-jai-essayees\\\/\"]}]},{\"@type\":\"ImageObject\",\"inLanguage\":\"fr-FR\",\"@id\":\"https:\\\/\\\/www.ceran.com\\\/fr\\\/ceranlife-pierre-apres-son-sejour-en-neerlandais-immersif-cest-la-plus-grande-difference-avec-beaucoup-dautres-alternatives-que-jai-essayees\\\/#primaryimage\",\"url\":\"https:\\\/\\\/www.ceran.com\\\/wp-content\\\/uploads\\\/2022\\\/09\\\/talk-Fond-decran-dordinateur.jpg\",\"contentUrl\":\"https:\\\/\\\/www.ceran.com\\\/wp-content\\\/uploads\\\/2022\\\/09\\\/talk-Fond-decran-dordinateur.jpg\",\"width\":1920,\"height\":1080,\"caption\":\"T\u00e9moignage d'un \u00e9tudiant apr\u00e8s son immersion en N\u00e9erlandais\"},{\"@type\":\"BreadcrumbList\",\"@id\":\"https:\\\/\\\/www.ceran.com\\\/fr\\\/ceranlife-pierre-apres-son-sejour-en-neerlandais-immersif-cest-la-plus-grande-difference-avec-beaucoup-dautres-alternatives-que-jai-essayees\\\/#breadcrumb\",\"itemListElement\":[{\"@type\":\"ListItem\",\"position\":1,\"name\":\"Accueil\",\"item\":\"https:\\\/\\\/www.ceran.com\\\/fr\\\/\"},{\"@type\":\"ListItem\",\"position\":2,\"name\":\"#CERANLIFE\u00a0:\u00a0 Pierre, apr\u00e8s son s\u00e9jour en n\u00e9erlandais : &#8220;Immersif ! C&#8217;est la plus grande diff\u00e9rence avec beaucoup d&#8217;autres alternatives que j\u2019ai essay\u00e9es&#8221;\"}]},{\"@type\":\"WebSite\",\"@id\":\"https:\\\/\\\/www.ceran.com\\\/fr\\\/#website\",\"url\":\"https:\\\/\\\/www.ceran.com\\\/fr\\\/\",\"name\":\"Ceran\",\"description\":\"Des formations linguistiques et interculturelles qui vous ouvrent de nouveaux horizons\",\"publisher\":{\"@id\":\"https:\\\/\\\/www.ceran.com\\\/fr\\\/#organization\"},\"potentialAction\":[{\"@type\":\"SearchAction\",\"target\":{\"@type\":\"EntryPoint\",\"urlTemplate\":\"https:\\\/\\\/www.ceran.com\\\/fr\\\/?s={search_term_string}\"},\"query-input\":{\"@type\":\"PropertyValueSpecification\",\"valueRequired\":true,\"valueName\":\"search_term_string\"}}],\"inLanguage\":\"fr-FR\"},{\"@type\":\"Organization\",\"@id\":\"https:\\\/\\\/www.ceran.com\\\/fr\\\/#organization\",\"name\":\"Ceran\",\"url\":\"https:\\\/\\\/www.ceran.com\\\/fr\\\/\",\"logo\":{\"@type\":\"ImageObject\",\"inLanguage\":\"fr-FR\",\"@id\":\"https:\\\/\\\/www.ceran.com\\\/fr\\\/#\\\/schema\\\/logo\\\/image\\\/\",\"url\":\"https:\\\/\\\/www.ceran.com\\\/wp-content\\\/uploads\\\/2025\\\/06\\\/Logo-CERAN-16-x-16-pixels.svg\",\"contentUrl\":\"https:\\\/\\\/www.ceran.com\\\/wp-content\\\/uploads\\\/2025\\\/06\\\/Logo-CERAN-16-x-16-pixels.svg\",\"width\":30,\"height\":30,\"caption\":\"Ceran\"},\"image\":{\"@id\":\"https:\\\/\\\/www.ceran.com\\\/fr\\\/#\\\/schema\\\/logo\\\/image\\\/\"}},{\"@type\":\"Person\",\"@id\":\"https:\\\/\\\/www.ceran.com\\\/fr\\\/#\\\/schema\\\/person\\\/d4e7ade8fb414beece08051bb2f35d0e\",\"name\":\"Liliane Tairou\",\"image\":{\"@type\":\"ImageObject\",\"inLanguage\":\"fr-FR\",\"@id\":\"https:\\\/\\\/secure.gravatar.com\\\/avatar\\\/94ce044b29dc33dfd0c4fcdf8fba3ee60be8661a88bb3dd37f7abea2ea7f2b7d?s=96&d=mm&r=g\",\"url\":\"https:\\\/\\\/secure.gravatar.com\\\/avatar\\\/94ce044b29dc33dfd0c4fcdf8fba3ee60be8661a88bb3dd37f7abea2ea7f2b7d?s=96&d=mm&r=g\",\"contentUrl\":\"https:\\\/\\\/secure.gravatar.com\\\/avatar\\\/94ce044b29dc33dfd0c4fcdf8fba3ee60be8661a88bb3dd37f7abea2ea7f2b7d?s=96&d=mm&r=g\",\"caption\":\"Liliane Tairou\"},\"url\":\"https:\\\/\\\/www.ceran.com\\\/fr\\\/author\\\/liliane\\\/\"}]}<\/script>\n<!-- \/ Yoast SEO plugin. -->","yoast_head_json":{"title":"S\u00e9jour linguistique en n\u00e9erlandais: la solution rapide et efficace","description":"De nombreuses personnes pensent qu\u2019apprendre le n\u00e9erlandais n'est pas facile, et la plupart se sentent d\u00e9courag\u00e9es et bloqu\u00e9es dans le processus d\u2019apprentissage apr\u00e8s plusieurs tentatives.","robots":{"index":"index","follow":"follow","max-snippet":"max-snippet:-1","max-image-preview":"max-image-preview:large","max-video-preview":"max-video-preview:-1"},"canonical":"https:\/\/www.ceran.com\/fr\/ceranlife-pierre-apres-son-sejour-en-neerlandais-immersif-cest-la-plus-grande-difference-avec-beaucoup-dautres-alternatives-que-jai-essayees\/","og_locale":"fr_FR","og_type":"article","og_title":"S\u00e9jour linguistique en n\u00e9erlandais: la solution rapide et efficace","og_description":"De nombreuses personnes pensent qu\u2019apprendre le n\u00e9erlandais n'est pas facile, et la plupart se sentent d\u00e9courag\u00e9es et bloqu\u00e9es dans le processus d\u2019apprentissage apr\u00e8s plusieurs tentatives.","og_url":"https:\/\/www.ceran.com\/fr\/ceranlife-pierre-apres-son-sejour-en-neerlandais-immersif-cest-la-plus-grande-difference-avec-beaucoup-dautres-alternatives-que-jai-essayees\/","og_site_name":"Ceran","article_published_time":"2022-09-05T07:33:38+00:00","article_modified_time":"2022-09-06T07:38:48+00:00","og_image":[{"width":1920,"height":1080,"url":"https:\/\/www.ceran.com\/wp-content\/uploads\/2022\/09\/talk-Fond-decran-dordinateur.jpg","type":"image\/jpeg"}],"author":"Liliane Tairou","twitter_card":"summary_large_image","schema":{"@context":"https:\/\/schema.org","@graph":[{"@type":"Article","@id":"https:\/\/www.ceran.com\/fr\/ceranlife-pierre-apres-son-sejour-en-neerlandais-immersif-cest-la-plus-grande-difference-avec-beaucoup-dautres-alternatives-que-jai-essayees\/#article","isPartOf":{"@id":"https:\/\/www.ceran.com\/fr\/ceranlife-pierre-apres-son-sejour-en-neerlandais-immersif-cest-la-plus-grande-difference-avec-beaucoup-dautres-alternatives-que-jai-essayees\/"},"author":{"name":"Liliane Tairou","@id":"https:\/\/www.ceran.com\/fr\/#\/schema\/person\/d4e7ade8fb414beece08051bb2f35d0e"},"headline":"#CERANLIFE\u00a0:\u00a0 Pierre, apr\u00e8s son s\u00e9jour en n\u00e9erlandais : \u00ab\u00a0Immersif ! C&rsquo;est la plus grande diff\u00e9rence avec beaucoup d&rsquo;autres alternatives que j\u2019ai essay\u00e9es\u00a0\u00bb","datePublished":"2022-09-05T07:33:38+00:00","dateModified":"2022-09-06T07:38:48+00:00","mainEntityOfPage":{"@id":"https:\/\/www.ceran.com\/fr\/ceranlife-pierre-apres-son-sejour-en-neerlandais-immersif-cest-la-plus-grande-difference-avec-beaucoup-dautres-alternatives-que-jai-essayees\/"},"wordCount":660,"commentCount":0,"publisher":{"@id":"https:\/\/www.ceran.com\/fr\/#organization"},"image":{"@id":"https:\/\/www.ceran.com\/fr\/ceranlife-pierre-apres-son-sejour-en-neerlandais-immersif-cest-la-plus-grande-difference-avec-beaucoup-dautres-alternatives-que-jai-essayees\/#primaryimage"},"thumbnailUrl":"https:\/\/www.ceran.com\/wp-content\/uploads\/2022\/09\/talk-Fond-decran-dordinateur.jpg","articleSection":["#Ceranlife","Non classifi\u00e9(e)"],"inLanguage":"fr-FR","potentialAction":[{"@type":"CommentAction","name":"Comment","target":["https:\/\/www.ceran.com\/fr\/ceranlife-pierre-apres-son-sejour-en-neerlandais-immersif-cest-la-plus-grande-difference-avec-beaucoup-dautres-alternatives-que-jai-essayees\/#respond"]}]},{"@type":"WebPage","@id":"https:\/\/www.ceran.com\/fr\/ceranlife-pierre-apres-son-sejour-en-neerlandais-immersif-cest-la-plus-grande-difference-avec-beaucoup-dautres-alternatives-que-jai-essayees\/","url":"https:\/\/www.ceran.com\/fr\/ceranlife-pierre-apres-son-sejour-en-neerlandais-immersif-cest-la-plus-grande-difference-avec-beaucoup-dautres-alternatives-que-jai-essayees\/","name":"S\u00e9jour linguistique en n\u00e9erlandais: la solution rapide et efficace","isPartOf":{"@id":"https:\/\/www.ceran.com\/fr\/#website"},"primaryImageOfPage":{"@id":"https:\/\/www.ceran.com\/fr\/ceranlife-pierre-apres-son-sejour-en-neerlandais-immersif-cest-la-plus-grande-difference-avec-beaucoup-dautres-alternatives-que-jai-essayees\/#primaryimage"},"image":{"@id":"https:\/\/www.ceran.com\/fr\/ceranlife-pierre-apres-son-sejour-en-neerlandais-immersif-cest-la-plus-grande-difference-avec-beaucoup-dautres-alternatives-que-jai-essayees\/#primaryimage"},"thumbnailUrl":"https:\/\/www.ceran.com\/wp-content\/uploads\/2022\/09\/talk-Fond-decran-dordinateur.jpg","datePublished":"2022-09-05T07:33:38+00:00","dateModified":"2022-09-06T07:38:48+00:00","description":"De nombreuses personnes pensent qu\u2019apprendre le n\u00e9erlandais n'est pas facile, et la plupart se sentent d\u00e9courag\u00e9es et bloqu\u00e9es dans le processus d\u2019apprentissage apr\u00e8s plusieurs tentatives.","breadcrumb":{"@id":"https:\/\/www.ceran.com\/fr\/ceranlife-pierre-apres-son-sejour-en-neerlandais-immersif-cest-la-plus-grande-difference-avec-beaucoup-dautres-alternatives-que-jai-essayees\/#breadcrumb"},"inLanguage":"fr-FR","potentialAction":[{"@type":"ReadAction","target":["https:\/\/www.ceran.com\/fr\/ceranlife-pierre-apres-son-sejour-en-neerlandais-immersif-cest-la-plus-grande-difference-avec-beaucoup-dautres-alternatives-que-jai-essayees\/"]}]},{"@type":"ImageObject","inLanguage":"fr-FR","@id":"https:\/\/www.ceran.com\/fr\/ceranlife-pierre-apres-son-sejour-en-neerlandais-immersif-cest-la-plus-grande-difference-avec-beaucoup-dautres-alternatives-que-jai-essayees\/#primaryimage","url":"https:\/\/www.ceran.com\/wp-content\/uploads\/2022\/09\/talk-Fond-decran-dordinateur.jpg","contentUrl":"https:\/\/www.ceran.com\/wp-content\/uploads\/2022\/09\/talk-Fond-decran-dordinateur.jpg","width":1920,"height":1080,"caption":"T\u00e9moignage d'un \u00e9tudiant apr\u00e8s son immersion en N\u00e9erlandais"},{"@type":"BreadcrumbList","@id":"https:\/\/www.ceran.com\/fr\/ceranlife-pierre-apres-son-sejour-en-neerlandais-immersif-cest-la-plus-grande-difference-avec-beaucoup-dautres-alternatives-que-jai-essayees\/#breadcrumb","itemListElement":[{"@type":"ListItem","position":1,"name":"Accueil","item":"https:\/\/www.ceran.com\/fr\/"},{"@type":"ListItem","position":2,"name":"#CERANLIFE\u00a0:\u00a0 Pierre, apr\u00e8s son s\u00e9jour en n\u00e9erlandais : &#8220;Immersif ! C&#8217;est la plus grande diff\u00e9rence avec beaucoup d&#8217;autres alternatives que j\u2019ai essay\u00e9es&#8221;"}]},{"@type":"WebSite","@id":"https:\/\/www.ceran.com\/fr\/#website","url":"https:\/\/www.ceran.com\/fr\/","name":"Ceran","description":"Des formations linguistiques et interculturelles qui vous ouvrent de nouveaux horizons","publisher":{"@id":"https:\/\/www.ceran.com\/fr\/#organization"},"potentialAction":[{"@type":"SearchAction","target":{"@type":"EntryPoint","urlTemplate":"https:\/\/www.ceran.com\/fr\/?s={search_term_string}"},"query-input":{"@type":"PropertyValueSpecification","valueRequired":true,"valueName":"search_term_string"}}],"inLanguage":"fr-FR"},{"@type":"Organization","@id":"https:\/\/www.ceran.com\/fr\/#organization","name":"Ceran","url":"https:\/\/www.ceran.com\/fr\/","logo":{"@type":"ImageObject","inLanguage":"fr-FR","@id":"https:\/\/www.ceran.com\/fr\/#\/schema\/logo\/image\/","url":"https:\/\/www.ceran.com\/wp-content\/uploads\/2025\/06\/Logo-CERAN-16-x-16-pixels.svg","contentUrl":"https:\/\/www.ceran.com\/wp-content\/uploads\/2025\/06\/Logo-CERAN-16-x-16-pixels.svg","width":30,"height":30,"caption":"Ceran"},"image":{"@id":"https:\/\/www.ceran.com\/fr\/#\/schema\/logo\/image\/"}},{"@type":"Person","@id":"https:\/\/www.ceran.com\/fr\/#\/schema\/person\/d4e7ade8fb414beece08051bb2f35d0e","name":"Liliane Tairou","image":{"@type":"ImageObject","inLanguage":"fr-FR","@id":"https:\/\/secure.gravatar.com\/avatar\/94ce044b29dc33dfd0c4fcdf8fba3ee60be8661a88bb3dd37f7abea2ea7f2b7d?s=96&d=mm&r=g","url":"https:\/\/secure.gravatar.com\/avatar\/94ce044b29dc33dfd0c4fcdf8fba3ee60be8661a88bb3dd37f7abea2ea7f2b7d?s=96&d=mm&r=g","contentUrl":"https:\/\/secure.gravatar.com\/avatar\/94ce044b29dc33dfd0c4fcdf8fba3ee60be8661a88bb3dd37f7abea2ea7f2b7d?s=96&d=mm&r=g","caption":"Liliane Tairou"},"url":"https:\/\/www.ceran.com\/fr\/author\/liliane\/"}]}},"_links":{"self":[{"href":"https:\/\/www.ceran.com\/fr\/wp-json\/wp\/v2\/posts\/60416","targetHints":{"allow":["GET"]}}],"collection":[{"href":"https:\/\/www.ceran.com\/fr\/wp-json\/wp\/v2\/posts"}],"about":[{"href":"https:\/\/www.ceran.com\/fr\/wp-json\/wp\/v2\/types\/post"}],"author":[{"embeddable":true,"href":"https:\/\/www.ceran.com\/fr\/wp-json\/wp\/v2\/users\/17"}],"replies":[{"embeddable":true,"href":"https:\/\/www.ceran.com\/fr\/wp-json\/wp\/v2\/comments?post=60416"}],"version-history":[{"count":5,"href":"https:\/\/www.ceran.com\/fr\/wp-json\/wp\/v2\/posts\/60416\/revisions"}],"predecessor-version":[{"id":60996,"href":"https:\/\/www.ceran.com\/fr\/wp-json\/wp\/v2\/posts\/60416\/revisions\/60996"}],"wp:featuredmedia":[{"embeddable":true,"href":"https:\/\/www.ceran.com\/fr\/wp-json\/wp\/v2\/media\/60561"}],"wp:attachment":[{"href":"https:\/\/www.ceran.com\/fr\/wp-json\/wp\/v2\/media?parent=60416"}],"wp:term":[{"taxonomy":"category","embeddable":true,"href":"https:\/\/www.ceran.com\/fr\/wp-json\/wp\/v2\/categories?post=60416"},{"taxonomy":"post_tag","embeddable":true,"href":"https:\/\/www.ceran.com\/fr\/wp-json\/wp\/v2\/tags?post=60416"}],"curies":[{"name":"wp","href":"https:\/\/api.w.org\/{rel}","templated":true}]}}